{"id":911,"date":"2019-03-02T11:14:02","date_gmt":"2019-03-02T10:14:02","guid":{"rendered":"https:\/\/www.conferencetelephonique.fr\/blog\/?p=911"},"modified":"2021-06-15T09:30:11","modified_gmt":"2021-06-15T07:30:11","slug":"parisiens-quittent-la-capitale","status":"publish","type":"post","link":"https:\/\/www.conferencetelephonique.fr\/blog\/2019\/03\/02\/parisiens-quittent-la-capitale\/","title":{"rendered":"Pourquoi les Parisiens quittent la capitale \u00ab invivable\u00a0\u00bb"},"content":{"rendered":"<p>Q<strong>ue ce soit pour une meilleure qualit\u00e9 de vie ou pour un jardin, de plus en plus de jeunes cadres partent \u00e0 l\u2019Ouest de la France.<\/strong><\/p>\n<p>Une centaine d&rsquo;anciens Parisiens ont r\u00e9pondu \u00e0 un message du Monde laiss\u00e9 sur le groupe Facebook Les\u00a0Nantisiens, qui compte environ 2\u00a0000\u00a0membres et qui a \u00e9t\u00e9 con\u00e7u pour les Parisiens nouvellement install\u00e9s \u00e0 Nantes. Sur ce groupe ferm\u00e9, ils partagent leurs bons plans \u2013 garde d\u2019enfants, offres d\u2019<a href=\"https:\/\/www.conferencetelephonique.fr\/blog\/2018\/06\/27\/leconomie-francaise-emplois\/\">emploi<\/a>, appartements \u2013, dans la capitale r\u00e9gionale des Pays de la Loire.<\/p>\n<p><strong>LIRE AUSSI:<\/strong> <a href=\"https:\/\/www.conferencetelephonique.fr\/blog\/2018\/10\/21\/jeunes-cherchent-emploi-smartphone\/\">trois quarts de jeunes cherchent un emploi uniquement sur smartphone<\/a><\/p>\n<p><strong>L&rsquo;afflux de \u00ab\u00a0jeunes cadres parisiens\u00a0\u00bb\u00a0<\/strong><br \/>\nComme \u00e0 Bordeaux, l\u2019afflux de \u00ab\u00a0jeunes cadres parisiens\u00a0\u00bb \u00e0 Nantes est une tendance de fond depuis plusieurs ann\u00e9es. En qu\u00eate d\u2019une \u00ab\u00a0qualit\u00e9 de vie\u00a0\u00bb qu\u2019ils disent ne plus trouver en r\u00e9gion parisienne, ces trentenaires accourent dans ces grandes m\u00e9tropoles \u00ab\u00a0dynamiques\u00a0\u00bb qui leur offrent des emplois qualifi\u00e9s et des m\u00e8tres carr\u00e9s meilleur march\u00e9 que dans la capitale. \u00ab\u00a0Nantes, c\u2019est le nouveau Montreuil\u00bb, r\u00e9sume Elie Gu\u00e9raut dans <a href=\"https:\/\/www.lemonde.fr\/campus\/article\/2019\/02\/28\/jeunes-cadres-les-nantisiens-ces-ex-parisiens-en-quete-d-une-vie-meilleure-a-nantes_5429252_4401467.html\"><em>Le Monde,<\/em><\/a> sociologue \u00e0 l\u2019universit\u00e9 Paris-I.<\/p>\n<p><strong>8 franciliens sur 10<\/strong><br \/>\nDans un sondage diffus\u00e9 en septembre\u00a02018, le site de recrutement Cadremploi r\u00e9v\u00e9lait que plus de huit cadres <a href=\"https:\/\/www.conferencetelephonique.fr\/blog\/2017\/09\/06\/cadres-franciliens-vivre-province\/\">franciliens<\/a> sur dix envisageaient de quitter la r\u00e9gion parisienne pour s\u2019installer ailleurs en France.<\/p>\n<p>Paris reste une ville attractive pour les 15-30\u00a0ans.<i>\u00a0<\/i>D&rsquo;autre c\u00f4t\u00e9,\u00a0Paris s\u2019embourgeoise. Le prix de l\u2019immobilier y flambe. C&rsquo;est pourquoi \u2019autres villes ont une croissance d\u00e9mographique particuli\u00e8rement dynamique \u2013 Bordeaux, Toulouse, Lyon ou Rennes. Elles sont \u00ab\u00a0dynamiques\u00a0\u00bb en termes d\u2019emploi, l\u2019immobilier est abordable et la qualit\u00e9 de vie est bonne.<\/p>\n<p><strong>LIRE AUSSI:<\/strong> <a href=\"https:\/\/www.conferencetelephonique.fr\/blog\/2018\/10\/04\/salaries-quitter-paris\/\">combien de salari\u00e9s osent \u00e0 quitter Paris pour un job<\/a><\/p>\n<p><em>Source:<a href=\"https:\/\/www.lemonde.fr\/campus\/article\/2019\/02\/28\/jeunes-cadres-les-nantisiens-ces-ex-parisiens-en-quete-d-une-vie-meilleure-a-nantes_5429252_4401467.html\"> Le Monde<\/a><\/em><\/p>\n","protected":false},"excerpt":{"rendered":"<p>Que ce soit pour une meilleure qualit\u00e9 de vie ou pour un jardin, de plus en plus de jeunes cadres partent \u00e0 l\u2019Ouest de la France. Une centaine d&rsquo;anciens Parisiens&#8230;<\/p>\n<div class=\"more-link-wrapper\"><a class=\"more-link\" href=\"https:\/\/www.conferencetelephonique.fr\/blog\/2019\/03\/02\/parisiens-quittent-la-capitale\/\">Continuer la lecture<span class=\"screen-reader-text\">Pourquoi les Parisiens quittent la capitale \u00ab invivable\u00a0\u00bb<\/span><\/a><\/div>\n","protected":false},"author":2,"featured_media":0,"comment_status":"closed","ping_status":"open","sticky":false,"template":"","format":"standard","meta":[],"categories":[26],"tags":[27,48],"yoast_head":"<!-- This site is optimized with the Yoast SEO plugin v16.5 - https:\/\/yoast.com\/wordpress\/plugins\/seo\/ -->\n<title>Pourquoi les Parisiens quittent la capitale \u00ab invivable\u00a0\u00bb<\/title>\n<meta name=\"description\" content=\"Que ce soit pour une meilleure qualit\u00e9 de vie ou pour un jardin, de plus en plus de jeunes cadres partent \u00e0 l\u2019Ouest de la France.\" \/>\n<meta name=\"robots\" content=\"index, follow, max-snippet:-1, max-image-preview:large, max-video-preview:-1\" \/>\n<link rel=\"canonical\" href=\"https:\/\/www.conferencetelephonique.fr\/blog\/2019\/03\/02\/parisiens-quittent-la-capitale\/\" \/>\n<meta property=\"og:locale\" content=\"fr_FR\" \/>\n<meta property=\"og:type\" content=\"article\" \/>\n<meta property=\"og:title\" content=\"Pourquoi les Parisiens quittent la capitale \u00ab invivable\u00a0\u00bb\" \/>\n<meta property=\"og:url\" content=\"https:\/\/www.conferencetelephonique.fr\/blog\/2019\/03\/02\/parisiens-quittent-la-capitale\/\" \/>\n<meta property=\"og:site_name\" content=\"ConferenceTelephonique.fr blog\" \/>\n<meta property=\"article:published_time\" content=\"2019-03-02T10:14:02+00:00\" \/>\n<meta property=\"article:modified_time\" content=\"2021-06-15T07:30:11+00:00\" \/>\n<meta property=\"og:image\" content=\"https:\/\/www.conferencetelephonique.fr\/blog\/wp-content\/uploads\/2017\/09\/40758649_m.jpg\" \/>\n\t<meta property=\"og:image:width\" content=\"847\" \/>\n\t<meta property=\"og:image:height\" content=\"565\" \/>\n<meta name=\"twitter:card\" content=\"summary\" \/>\n<meta name=\"twitter:label1\" content=\"Dur\u00e9e de lecture est.\" \/>\n\t<meta name=\"twitter:data1\" content=\"1 minute\" \/>\n<script type=\"application\/ld+json\" class=\"yoast-schema-graph\">{\"@context\":\"https:\/\/schema.org\",\"@graph\":[{\"@type\":\"WebSite\",\"@id\":\"https:\/\/www.conferencetelephonique.fr\/blog\/#website\",\"url\":\"https:\/\/www.conferencetelephonique.fr\/blog\/\",\"name\":\"ConferenceTelephonique.fr blog\",\"description\":\"Conf\\u00e9rence t\\u00e9l\\u00e9phonique simplifi\\u00e9e\",\"potentialAction\":[{\"@type\":\"SearchAction\",\"target\":\"https:\/\/www.conferencetelephonique.fr\/blog\/?s={search_term_string}\",\"query-input\":\"required name=search_term_string\"}],\"inLanguage\":\"fr-FR\"},{\"@type\":\"WebPage\",\"@id\":\"https:\/\/www.conferencetelephonique.fr\/blog\/2019\/03\/02\/parisiens-quittent-la-capitale\/#webpage\",\"url\":\"https:\/\/www.conferencetelephonique.fr\/blog\/2019\/03\/02\/parisiens-quittent-la-capitale\/\",\"name\":\"Pourquoi les Parisiens quittent la capitale \\u00ab invivable\\u00a0\\u00bb\",\"isPartOf\":{\"@id\":\"https:\/\/www.conferencetelephonique.fr\/blog\/#website\"},\"datePublished\":\"2019-03-02T10:14:02+00:00\",\"dateModified\":\"2021-06-15T07:30:11+00:00\",\"author\":{\"@id\":\"https:\/\/www.conferencetelephonique.fr\/blog\/#\/schema\/person\/febac21432531d5243aac6226c82e694\"},\"description\":\"Que ce soit pour une meilleure qualit\\u00e9 de vie ou pour un jardin, de plus en plus de jeunes cadres partent \\u00e0 l\\u2019Ouest de la France.\",\"breadcrumb\":{\"@id\":\"https:\/\/www.conferencetelephonique.fr\/blog\/2019\/03\/02\/parisiens-quittent-la-capitale\/#breadcrumb\"},\"inLanguage\":\"fr-FR\",\"potentialAction\":[{\"@type\":\"ReadAction\",\"target\":[\"https:\/\/www.conferencetelephonique.fr\/blog\/2019\/03\/02\/parisiens-quittent-la-capitale\/\"]}]},{\"@type\":\"BreadcrumbList\",\"@id\":\"https:\/\/www.conferencetelephonique.fr\/blog\/2019\/03\/02\/parisiens-quittent-la-capitale\/#breadcrumb\",\"itemListElement\":[{\"@type\":\"ListItem\",\"position\":1,\"name\":\"Home\",\"item\":\"https:\/\/www.conferencetelephonique.fr\/blog\/\"},{\"@type\":\"ListItem\",\"position\":2,\"name\":\"Pourquoi les Parisiens quittent la capitale \\u00ab invivable\\u00a0\\u00bb\"}]},{\"@type\":\"Person\",\"@id\":\"https:\/\/www.conferencetelephonique.fr\/blog\/#\/schema\/person\/febac21432531d5243aac6226c82e694\",\"name\":\"Irene de Waal\",\"image\":{\"@type\":\"ImageObject\",\"@id\":\"https:\/\/www.conferencetelephonique.fr\/blog\/#personlogo\",\"inLanguage\":\"fr-FR\",\"url\":\"https:\/\/secure.gravatar.com\/avatar\/665193ce2152bb574b7a702b3b9f2986?s=96&d=mm&r=g\",\"contentUrl\":\"https:\/\/secure.gravatar.com\/avatar\/665193ce2152bb574b7a702b3b9f2986?s=96&d=mm&r=g\",\"caption\":\"Irene de Waal\"},\"url\":\"https:\/\/www.conferencetelephonique.fr\/blog\/author\/irene\/\"}]}<\/script>\n<!-- \/ Yoast SEO plugin. -->","_links":{"self":[{"href":"https:\/\/www.conferencetelephonique.fr\/blog\/wp-json\/wp\/v2\/posts\/911"}],"collection":[{"href":"https:\/\/www.conferencetelephonique.fr\/blog\/wp-json\/wp\/v2\/posts"}],"about":[{"href":"https:\/\/www.conferencetelephonique.fr\/blog\/wp-json\/wp\/v2\/types\/post"}],"author":[{"embeddable":true,"href":"https:\/\/www.conferencetelephonique.fr\/blog\/wp-json\/wp\/v2\/users\/2"}],"replies":[{"embeddable":true,"href":"https:\/\/www.conferencetelephonique.fr\/blog\/wp-json\/wp\/v2\/comments?post=911"}],"version-history":[{"count":3,"href":"https:\/\/www.conferencetelephonique.fr\/blog\/wp-json\/wp\/v2\/posts\/911\/revisions"}],"predecessor-version":[{"id":915,"href":"https:\/\/www.conferencetelephonique.fr\/blog\/wp-json\/wp\/v2\/posts\/911\/revisions\/915"}],"wp:attachment":[{"href":"https:\/\/www.conferencetelephonique.fr\/blog\/wp-json\/wp\/v2\/media?parent=911"}],"wp:term":[{"taxonomy":"category","embeddable":true,"href":"https:\/\/www.conferencetelephonique.fr\/blog\/wp-json\/wp\/v2\/categories?post=911"},{"taxonomy":"post_tag","embeddable":true,"href":"https:\/\/www.conferencetelephonique.fr\/blog\/wp-json\/wp\/v2\/tags?post=911"}],"curies":[{"name":"wp","href":"https:\/\/api.w.org\/{rel}","templated":true}]}}