{"id":734,"date":"2018-10-04T10:15:25","date_gmt":"2018-10-04T08:15:25","guid":{"rendered":"https:\/\/www.conferencetelephonique.fr\/blog\/?p=734"},"modified":"2021-06-15T09:30:14","modified_gmt":"2021-06-15T07:30:14","slug":"salaries-quitter-paris","status":"publish","type":"post","link":"https:\/\/www.conferencetelephonique.fr\/blog\/2018\/10\/04\/salaries-quitter-paris\/","title":{"rendered":"Combien de salari\u00e9s osent \u00e0 quitter Paris pour un job"},"content":{"rendered":"<p class=\"x_MsoNormal\"><b><span lang=\"FR\">Certains managers et cadres dirigeants saisissent l&rsquo;occasion d&rsquo;une mutation professionnelle. D&rsquo;autres sont d\u00e9bauch\u00e9s par de florissantes ETI \u00e0 solide ancrage territorial. Ou bien se d\u00e9placent en r\u00e9gion pour y changer de vie et cr\u00e9er leur propre emploi.<\/span><\/b><\/p>\n<p class=\"x_MsoNormal\"><span lang=\"FR\">Il arrive un moment o\u00f9 un projet de vie se met \u00e0 peser bien plus lourd que le d\u00e9veloppement d&rsquo;une carri\u00e8re. Cette heure aurait-t-elle sonn\u00e9 pour les 84\u00a0% de cadres qui r\u00eavent de quitter Paris\u00a0? Mais entre le r\u00eave et la r\u00e9alit\u00e9, il y a toute une pr\u00e9paration au d\u00e9part. Quelle ville? Pour quel job\u00a0?<\/span><\/p>\n<p class=\"x_MsoNormal\"><span lang=\"FR\"><strong>une mutation professionnelle<\/strong><br \/>\nCertains managers saisissent l&rsquo;occasion d&rsquo;une mutation professionnelle. A l&rsquo;instar de ceux de\u00a0Betclic, qui se partageaient entre Paris et Londres et qui viennent d&rsquo;\u00eatre\u00a0r\u00e9unis au sein d&rsquo;un nouveau si\u00e8ge \u00e0 Bordeaux. Avec Lyon, Nantes et Toulouse, Bordeaux (num\u00e9ro un) fait d&rsquo;ailleurs partie des quatre villes les plus pris\u00e9es par les cadres parisiens candidats au d\u00e9part.\u00a0<\/span><\/p>\n<p class=\"x_MsoNormal\"><span lang=\"FR\">Dans tous les cas, histoire de v\u00e9rifier si l&rsquo;attractivit\u00e9\u00a0d&rsquo;une r\u00e9gion est bien r\u00e9elle ou simplement de fa\u00e7ade. Ensuite, les outils partag\u00e9s et num\u00e9riques faciliteront les activit\u00e9s collaboratives et \u00e0 distance. Objectif\u00a0: ne plus avoir \u00e0 choisir entre qualit\u00e9 de vie et emploi.<\/span><\/p>\n<p class=\"x_MsoNormal\"><span lang=\"FR\"><strong> Le marketing territorial<\/strong><br \/>\nDe leur c\u00f4t\u00e9, \u00e0 l&rsquo;aff\u00fbt de nouveaux talents, les territoires ont appris \u00e0 se \u00ab\u00a0vendre\u00a0\u00bb comme une marque. Nice, d\u00e9cri\u00e9e pour son recours \u00e0 l&rsquo;anglais, communique autour de \u00ab\u00a0We love Nice\u00a0\u00bb. La Bretagne fait le buzz en d\u00e9tournant des clich\u00e9s parisiens avec sa campagne \u00ab\u00a0Passez \u00e0 l&rsquo;Ouest\u00a0\u00bb. Le marketing territorial de la Manche \u00ab\u00a0Changez de point de vue\u00a0\u00bb a \u00e9t\u00e9 r\u00e9compens\u00e9 aux Troph\u00e9es de la communication en 2017. Quant \u00e0 la Nouvelle-Aquitaine, elle a su attirer les start-up avec son slogan t\u00e9l\u00e9visuel \u00ab\u00a0Jeunes pousses en Nouvelle-Aquitaine, l&rsquo;esprit nouvelle vague\u00a0\u00bb et la pr\u00e9fecture alloue des aides non n\u00e9gligeables \u00e0 ces acteurs. Bassel Abedi, le fondateur de RendementLocatif.com, a ainsi quitt\u00e9 Paris pour s&rsquo;installer pr\u00e8s de Bordeaux.\u00a0<\/span><\/p>\n<p class=\"x_MsoNormal\"><span lang=\"FR\"><strong>D&rsquo;autres villes ne sont plus en reste<\/strong><br \/>\nAvantage appr\u00e9ciable, les grandes villes se rapprochent de Paris en heures de TGV, et certaines, comme Angers ou Rennes, tirent leur \u00e9pingle du jeu gr\u00e2ce \u00e0 un \u00e9cosyst\u00e8me actif.\u00a0Mais des villes comme Aix-en-Provence, Lille, Lyon, Nantes, Strasbourg et Toulouse ne sont pas non plus en reste. Une enqu\u00eate r\u00e9alis\u00e9e par \u00ab\u00a0Les Echos\u00a0\u00bb, en 2017, d\u00e9montre que les start-up aiment s&rsquo;y installer. Le plus souvent, les entrepreneurs ont la bonne id\u00e9e \u00e0 Paris, puis filent vers une autre r\u00e9gion profiter de prix moindres de l&rsquo;immobilier. A noter aussi &#8211; sans surprise &#8211; que sur les onze premi\u00e8res destinations cit\u00e9es dans le sondage, cinq se trouvent dans le Sud.<\/span><\/p>\n<p class=\"x_MsoNormal\"><span lang=\"FR\"><strong>Seulement 8%<\/strong><br \/>\nToujours 54\u00a0% des cadres se disent \u00ab\u00a0ouverts \u00e0 des opportunit\u00e9s\u00a0\u00bb mais seulement 8\u00a0% d&rsquo;entre eux changeront de poste cette ann\u00e9e, alors que\u00a0le taux de ch\u00f4mage de cette cat\u00e9gorie professionnelle\u00a0est de 3,5\u00a0% et que les entreprises se livrent une guerre de talents sans merci.<\/span><\/p>\n<p class=\"x_MsoNormal\"><span lang=\"FR\">\u00a0<\/span><\/p>\n","protected":false},"excerpt":{"rendered":"<p>Certains managers et cadres dirigeants saisissent l&rsquo;occasion d&rsquo;une mutation professionnelle. D&rsquo;autres sont d\u00e9bauch\u00e9s par de florissantes ETI \u00e0 solide ancrage territorial. Ou bien se d\u00e9placent en r\u00e9gion pour y changer&#8230;<\/p>\n<div class=\"more-link-wrapper\"><a class=\"more-link\" href=\"https:\/\/www.conferencetelephonique.fr\/blog\/2018\/10\/04\/salaries-quitter-paris\/\">Continuer la lecture<span class=\"screen-reader-text\">Combien de salari\u00e9s osent \u00e0 quitter Paris pour un job<\/span><\/a><\/div>\n","protected":false},"author":2,"featured_media":0,"comment_status":"closed","ping_status":"open","sticky":false,"template":"","format":"standard","meta":[],"categories":[26],"tags":[27,48],"yoast_head":"<!-- This site is optimized with the Yoast SEO plugin v16.5 - https:\/\/yoast.com\/wordpress\/plugins\/seo\/ -->\n<title>Combien de salari\u00e9s osent \u00e0 quitter Paris pour un job<\/title>\n<meta name=\"description\" content=\"Certains managers et cadres dirigeants saisissent l&#039;occasion \u00e0 se d\u00e9placer en r\u00e9gion pour y changer de vie et cr\u00e9er des emplois.\" \/>\n<meta name=\"robots\" content=\"index, follow, max-snippet:-1, max-image-preview:large, max-video-preview:-1\" \/>\n<link rel=\"canonical\" href=\"https:\/\/www.conferencetelephonique.fr\/blog\/2018\/10\/04\/salaries-quitter-paris\/\" \/>\n<meta property=\"og:locale\" content=\"fr_FR\" \/>\n<meta property=\"og:type\" content=\"article\" \/>\n<meta property=\"og:title\" content=\"Combien de salari\u00e9s osent \u00e0 quitter Paris pour un job\" \/>\n<meta property=\"og:url\" content=\"https:\/\/www.conferencetelephonique.fr\/blog\/2018\/10\/04\/salaries-quitter-paris\/\" \/>\n<meta property=\"og:site_name\" content=\"ConferenceTelephonique.fr blog\" \/>\n<meta property=\"article:published_time\" content=\"2018-10-04T08:15:25+00:00\" \/>\n<meta property=\"article:modified_time\" content=\"2021-06-15T07:30:14+00:00\" \/>\n<meta property=\"og:image\" content=\"https:\/\/www.conferencetelephonique.fr\/blog\/wp-content\/uploads\/2018\/10\/paris.png\" \/>\n\t<meta property=\"og:image:width\" content=\"767\" \/>\n\t<meta property=\"og:image:height\" content=\"335\" \/>\n<meta name=\"twitter:card\" content=\"summary\" \/>\n<meta name=\"twitter:label1\" content=\"Dur\u00e9e de lecture est.\" \/>\n\t<meta name=\"twitter:data1\" content=\"3 minutes\" \/>\n<script type=\"application\/ld+json\" class=\"yoast-schema-graph\">{\"@context\":\"https:\/\/schema.org\",\"@graph\":[{\"@type\":\"WebSite\",\"@id\":\"https:\/\/www.conferencetelephonique.fr\/blog\/#website\",\"url\":\"https:\/\/www.conferencetelephonique.fr\/blog\/\",\"name\":\"ConferenceTelephonique.fr blog\",\"description\":\"Conf\\u00e9rence t\\u00e9l\\u00e9phonique simplifi\\u00e9e\",\"potentialAction\":[{\"@type\":\"SearchAction\",\"target\":\"https:\/\/www.conferencetelephonique.fr\/blog\/?s={search_term_string}\",\"query-input\":\"required name=search_term_string\"}],\"inLanguage\":\"fr-FR\"},{\"@type\":\"WebPage\",\"@id\":\"https:\/\/www.conferencetelephonique.fr\/blog\/2018\/10\/04\/salaries-quitter-paris\/#webpage\",\"url\":\"https:\/\/www.conferencetelephonique.fr\/blog\/2018\/10\/04\/salaries-quitter-paris\/\",\"name\":\"Combien de salari\\u00e9s osent \\u00e0 quitter Paris pour un job\",\"isPartOf\":{\"@id\":\"https:\/\/www.conferencetelephonique.fr\/blog\/#website\"},\"datePublished\":\"2018-10-04T08:15:25+00:00\",\"dateModified\":\"2021-06-15T07:30:14+00:00\",\"author\":{\"@id\":\"https:\/\/www.conferencetelephonique.fr\/blog\/#\/schema\/person\/febac21432531d5243aac6226c82e694\"},\"description\":\"Certains managers et cadres dirigeants saisissent l'occasion \\u00e0 se d\\u00e9placer en r\\u00e9gion pour y changer de vie et cr\\u00e9er des emplois.\",\"breadcrumb\":{\"@id\":\"https:\/\/www.conferencetelephonique.fr\/blog\/2018\/10\/04\/salaries-quitter-paris\/#breadcrumb\"},\"inLanguage\":\"fr-FR\",\"potentialAction\":[{\"@type\":\"ReadAction\",\"target\":[\"https:\/\/www.conferencetelephonique.fr\/blog\/2018\/10\/04\/salaries-quitter-paris\/\"]}]},{\"@type\":\"BreadcrumbList\",\"@id\":\"https:\/\/www.conferencetelephonique.fr\/blog\/2018\/10\/04\/salaries-quitter-paris\/#breadcrumb\",\"itemListElement\":[{\"@type\":\"ListItem\",\"position\":1,\"name\":\"Home\",\"item\":\"https:\/\/www.conferencetelephonique.fr\/blog\/\"},{\"@type\":\"ListItem\",\"position\":2,\"name\":\"Combien de salari\\u00e9s osent \\u00e0 quitter Paris pour un job\"}]},{\"@type\":\"Person\",\"@id\":\"https:\/\/www.conferencetelephonique.fr\/blog\/#\/schema\/person\/febac21432531d5243aac6226c82e694\",\"name\":\"Irene de Waal\",\"image\":{\"@type\":\"ImageObject\",\"@id\":\"https:\/\/www.conferencetelephonique.fr\/blog\/#personlogo\",\"inLanguage\":\"fr-FR\",\"url\":\"https:\/\/secure.gravatar.com\/avatar\/665193ce2152bb574b7a702b3b9f2986?s=96&d=mm&r=g\",\"contentUrl\":\"https:\/\/secure.gravatar.com\/avatar\/665193ce2152bb574b7a702b3b9f2986?s=96&d=mm&r=g\",\"caption\":\"Irene de Waal\"},\"url\":\"https:\/\/www.conferencetelephonique.fr\/blog\/author\/irene\/\"}]}<\/script>\n<!-- \/ Yoast SEO plugin. -->","_links":{"self":[{"href":"https:\/\/www.conferencetelephonique.fr\/blog\/wp-json\/wp\/v2\/posts\/734"}],"collection":[{"href":"https:\/\/www.conferencetelephonique.fr\/blog\/wp-json\/wp\/v2\/posts"}],"about":[{"href":"https:\/\/www.conferencetelephonique.fr\/blog\/wp-json\/wp\/v2\/types\/post"}],"author":[{"embeddable":true,"href":"https:\/\/www.conferencetelephonique.fr\/blog\/wp-json\/wp\/v2\/users\/2"}],"replies":[{"embeddable":true,"href":"https:\/\/www.conferencetelephonique.fr\/blog\/wp-json\/wp\/v2\/comments?post=734"}],"version-history":[{"count":1,"href":"https:\/\/www.conferencetelephonique.fr\/blog\/wp-json\/wp\/v2\/posts\/734\/revisions"}],"predecessor-version":[{"id":736,"href":"https:\/\/www.conferencetelephonique.fr\/blog\/wp-json\/wp\/v2\/posts\/734\/revisions\/736"}],"wp:attachment":[{"href":"https:\/\/www.conferencetelephonique.fr\/blog\/wp-json\/wp\/v2\/media?parent=734"}],"wp:term":[{"taxonomy":"category","embeddable":true,"href":"https:\/\/www.conferencetelephonique.fr\/blog\/wp-json\/wp\/v2\/categories?post=734"},{"taxonomy":"post_tag","embeddable":true,"href":"https:\/\/www.conferencetelephonique.fr\/blog\/wp-json\/wp\/v2\/tags?post=734"}],"curies":[{"name":"wp","href":"https:\/\/api.w.org\/{rel}","templated":true}]}}