{"id":703,"date":"2018-09-15T07:37:37","date_gmt":"2018-09-15T05:37:37","guid":{"rendered":"https:\/\/www.conferencetelephonique.fr\/blog\/?p=703"},"modified":"2021-06-15T09:30:14","modified_gmt":"2021-06-15T07:30:14","slug":"apple-agrandit-iphone-2018","status":"publish","type":"post","link":"https:\/\/www.conferencetelephonique.fr\/blog\/2018\/09\/15\/apple-agrandit-iphone-2018\/","title":{"rendered":"Apple agrandit ses iPhone pour alimenter sa croissance"},"content":{"rendered":"<p><b>Apple a pr\u00e9sent\u00e9 ses nouveaux mod\u00e8les d&rsquo;iPhone lors d&rsquo;une conf\u00e9rence \u00e0 Cupertino.<\/b><\/p>\n<p>Apple a pr\u00e9sent\u00e9, lors de sa traditionnelle <em>keynote<\/em>, sa nouvelle gamme d&rsquo;iPhone et de montres connect\u00e9es. La firme \u00e0 la pomme avait convi\u00e9 des centaines de journalistes et d&rsquo;analystes venus du monde entier dans l&rsquo;amphith\u00e9\u00e2tre Steve Jobs, pour d\u00e9voiler ses derniers produits.<\/p>\n<p><strong>iPhone X<\/strong><br \/>\nApple lance une version am\u00e9lior\u00e9e de son iPhone X, sorti l&rsquo;an dernier, avec deux nouveaux mod\u00e8les\u00a0: le Xs et le Xs Max. Les deux appareils sont \u00e9quip\u00e9s des \u00e9crans les plus grands jamais con\u00e7us par la firme\u00a0: 5,8 pouces pour le Xs (soit autant que l&rsquo;iPhone 8 Plus, mais avec un design plus petit) et 6,5 pouces pour le Xs Max.<\/p>\n<p><strong>Une e-SIM<\/strong><br \/>\nCes nouveaux mod\u00e8les embarquent une nouvelle puce A12 Bionic, plus puissante que la g\u00e9n\u00e9ration pr\u00e9c\u00e9dente. Pour la premi\u00e8re fois, Apple a dot\u00e9 ses iPhone d&rsquo;une double SIM (dont une e-SIM) pour permettre de jongler avec deux num\u00e9ros et deux forfaits. Le Californien embo\u00eete ainsi le pas de ses concurrents, qui offrent cette possibilit\u00e9 depuis longtemps.<\/p>\n<p>Le groupe a aussi d\u00e9voil\u00e9 une version \u00ab\u00a0low\u00a0cost\u00a0\u00bb de son iPhone X, baptis\u00e9e XR. Moins puissant, dot\u00e9 d&rsquo;un \u00e9cran LCD de 6,1 pouces, et un peu moins cher, il doit permettre \u00e0 Apple de poursuivre la conqu\u00eate des march\u00e9s \u00e9mergents.<\/p>\n<p><strong>Contr\u00f4le de la sant\u00e9\u00a0<\/strong><br \/>\nLa nouvelle montre connect\u00e9e d&rsquo;Apple (Series 4) est \u00e9galement dot\u00e9e d&rsquo;un \u00e9cran plus large que la g\u00e9n\u00e9ration pr\u00e9c\u00e9dente (+\u00a030\u00a0%). Equip\u00e9e d&rsquo;une nouvelle puce, elle embarque de nouvelles fonctionnalit\u00e9s d\u00e9di\u00e9es au contr\u00f4le de la sant\u00e9 et notamment un \u00e9lectrocardiogramme pour suivre le rythme cardiaque.<\/p>\n<p><strong>Les \u00e9crans XXL<\/strong><br \/>\nPas de r\u00e9volution donc, mais une confirmation\u00a0: Apple s&rsquo;est converti aux \u00e9crans XXL et il n&rsquo;entend rien l\u00e2cher sur le segment du tr\u00e8s haut de gamme face \u00e0 ses concurrents. Les mod\u00e8les XS et XS Max seront en effet commercialis\u00e9s \u00e0 partir de 1.159 euros et 1.259 euros, franchissant all\u00e9grement le cap symbolique des 1.000 euros qui avait tant fait parler lors de la sortie de l&rsquo;iPhone X. L&rsquo;iPhone XS Max, qui embarque 512 Go de m\u00e9rmoire, sera m\u00eame vendu 1.659 euros, soit plus cher qu&rsquo;un ordinateur MacBook Pro.<\/p>\n<p>En agrandissant la taille de ses iPhone, Apple vient jouer sur le terrain de ses concurrents, alors que les \u00e9crans XXL sont particuli\u00e8rement appr\u00e9ci\u00e9s en Asie.<\/p>\n<p><strong>LIRE AUSSI<\/strong>:\u00a0<a href=\"https:\/\/www.conferencetelephonique.fr\/blog\/2018\/09\/13\/keynote-dapple-2018\/\"><b>Ce qu\u2019il faut retenir de la keynote d\u2019Apple 2018<\/b><\/a><\/p>\n<p><em>Source: <a href=\"https:\/\/www.lesechos.fr\">Les Echos<\/a>. Image: Apple<\/em><\/p>\n","protected":false},"excerpt":{"rendered":"<p>Apple a pr\u00e9sent\u00e9 ses nouveaux mod\u00e8les d&rsquo;iPhone lors d&rsquo;une conf\u00e9rence \u00e0 Cupertino. Apple a pr\u00e9sent\u00e9, lors de sa traditionnelle keynote, sa nouvelle gamme d&rsquo;iPhone et de montres connect\u00e9es. La firme&#8230;<\/p>\n<div class=\"more-link-wrapper\"><a class=\"more-link\" href=\"https:\/\/www.conferencetelephonique.fr\/blog\/2018\/09\/15\/apple-agrandit-iphone-2018\/\">Continuer la lecture<span class=\"screen-reader-text\">Apple agrandit ses iPhone pour alimenter sa croissance<\/span><\/a><\/div>\n","protected":false},"author":2,"featured_media":0,"comment_status":"closed","ping_status":"open","sticky":false,"template":"","format":"standard","meta":[],"categories":[20,11],"tags":[71,44,39,50],"yoast_head":"<!-- This site is optimized with the Yoast SEO plugin v16.5 - https:\/\/yoast.com\/wordpress\/plugins\/seo\/ -->\n<title>Apple agrandit ses iPhone pour alimenter sa croissance<\/title>\n<meta name=\"description\" content=\"Apple a pr\u00e9sent\u00e9 ses nouveaux mod\u00e8les d&#039;iPhone lors d&#039;une conf\u00e9rence \u00e0 Cupertino.\" \/>\n<meta name=\"robots\" content=\"index, follow, max-snippet:-1, max-image-preview:large, max-video-preview:-1\" \/>\n<link rel=\"canonical\" href=\"https:\/\/www.conferencetelephonique.fr\/blog\/2018\/09\/15\/apple-agrandit-iphone-2018\/\" \/>\n<meta property=\"og:locale\" content=\"fr_FR\" \/>\n<meta property=\"og:type\" content=\"article\" \/>\n<meta property=\"og:title\" content=\"Apple agrandit ses iPhone pour alimenter sa croissance\" \/>\n<meta property=\"og:url\" content=\"https:\/\/www.conferencetelephonique.fr\/blog\/2018\/09\/15\/apple-agrandit-iphone-2018\/\" \/>\n<meta property=\"og:site_name\" content=\"ConferenceTelephonique.fr blog\" \/>\n<meta property=\"article:published_time\" content=\"2018-09-15T05:37:37+00:00\" \/>\n<meta property=\"article:modified_time\" content=\"2021-06-15T07:30:14+00:00\" \/>\n<meta property=\"og:image\" content=\"https:\/\/www.conferencetelephonique.fr\/blog\/wp-content\/uploads\/2018\/09\/iphone-apple-event-2018-e1536824373316.jpg\" \/>\n\t<meta property=\"og:image:width\" content=\"900\" \/>\n\t<meta property=\"og:image:height\" content=\"675\" \/>\n<meta name=\"twitter:card\" content=\"summary\" \/>\n<meta name=\"twitter:label1\" content=\"Dur\u00e9e de lecture est.\" \/>\n\t<meta name=\"twitter:data1\" content=\"2 minutes\" \/>\n<script type=\"application\/ld+json\" class=\"yoast-schema-graph\">{\"@context\":\"https:\/\/schema.org\",\"@graph\":[{\"@type\":\"WebSite\",\"@id\":\"https:\/\/www.conferencetelephonique.fr\/blog\/#website\",\"url\":\"https:\/\/www.conferencetelephonique.fr\/blog\/\",\"name\":\"ConferenceTelephonique.fr blog\",\"description\":\"Conf\\u00e9rence t\\u00e9l\\u00e9phonique simplifi\\u00e9e\",\"potentialAction\":[{\"@type\":\"SearchAction\",\"target\":\"https:\/\/www.conferencetelephonique.fr\/blog\/?s={search_term_string}\",\"query-input\":\"required name=search_term_string\"}],\"inLanguage\":\"fr-FR\"},{\"@type\":\"WebPage\",\"@id\":\"https:\/\/www.conferencetelephonique.fr\/blog\/2018\/09\/15\/apple-agrandit-iphone-2018\/#webpage\",\"url\":\"https:\/\/www.conferencetelephonique.fr\/blog\/2018\/09\/15\/apple-agrandit-iphone-2018\/\",\"name\":\"Apple agrandit ses iPhone pour alimenter sa croissance\",\"isPartOf\":{\"@id\":\"https:\/\/www.conferencetelephonique.fr\/blog\/#website\"},\"datePublished\":\"2018-09-15T05:37:37+00:00\",\"dateModified\":\"2021-06-15T07:30:14+00:00\",\"author\":{\"@id\":\"https:\/\/www.conferencetelephonique.fr\/blog\/#\/schema\/person\/febac21432531d5243aac6226c82e694\"},\"description\":\"Apple a pr\\u00e9sent\\u00e9 ses nouveaux mod\\u00e8les d'iPhone lors d'une conf\\u00e9rence \\u00e0 Cupertino.\",\"breadcrumb\":{\"@id\":\"https:\/\/www.conferencetelephonique.fr\/blog\/2018\/09\/15\/apple-agrandit-iphone-2018\/#breadcrumb\"},\"inLanguage\":\"fr-FR\",\"potentialAction\":[{\"@type\":\"ReadAction\",\"target\":[\"https:\/\/www.conferencetelephonique.fr\/blog\/2018\/09\/15\/apple-agrandit-iphone-2018\/\"]}]},{\"@type\":\"BreadcrumbList\",\"@id\":\"https:\/\/www.conferencetelephonique.fr\/blog\/2018\/09\/15\/apple-agrandit-iphone-2018\/#breadcrumb\",\"itemListElement\":[{\"@type\":\"ListItem\",\"position\":1,\"name\":\"Home\",\"item\":\"https:\/\/www.conferencetelephonique.fr\/blog\/\"},{\"@type\":\"ListItem\",\"position\":2,\"name\":\"Apple agrandit ses iPhone pour alimenter sa croissance\"}]},{\"@type\":\"Person\",\"@id\":\"https:\/\/www.conferencetelephonique.fr\/blog\/#\/schema\/person\/febac21432531d5243aac6226c82e694\",\"name\":\"Irene de Waal\",\"image\":{\"@type\":\"ImageObject\",\"@id\":\"https:\/\/www.conferencetelephonique.fr\/blog\/#personlogo\",\"inLanguage\":\"fr-FR\",\"url\":\"https:\/\/secure.gravatar.com\/avatar\/665193ce2152bb574b7a702b3b9f2986?s=96&d=mm&r=g\",\"contentUrl\":\"https:\/\/secure.gravatar.com\/avatar\/665193ce2152bb574b7a702b3b9f2986?s=96&d=mm&r=g\",\"caption\":\"Irene de Waal\"},\"url\":\"https:\/\/www.conferencetelephonique.fr\/blog\/author\/irene\/\"}]}<\/script>\n<!-- \/ Yoast SEO plugin. -->","_links":{"self":[{"href":"https:\/\/www.conferencetelephonique.fr\/blog\/wp-json\/wp\/v2\/posts\/703"}],"collection":[{"href":"https:\/\/www.conferencetelephonique.fr\/blog\/wp-json\/wp\/v2\/posts"}],"about":[{"href":"https:\/\/www.conferencetelephonique.fr\/blog\/wp-json\/wp\/v2\/types\/post"}],"author":[{"embeddable":true,"href":"https:\/\/www.conferencetelephonique.fr\/blog\/wp-json\/wp\/v2\/users\/2"}],"replies":[{"embeddable":true,"href":"https:\/\/www.conferencetelephonique.fr\/blog\/wp-json\/wp\/v2\/comments?post=703"}],"version-history":[{"count":3,"href":"https:\/\/www.conferencetelephonique.fr\/blog\/wp-json\/wp\/v2\/posts\/703\/revisions"}],"predecessor-version":[{"id":713,"href":"https:\/\/www.conferencetelephonique.fr\/blog\/wp-json\/wp\/v2\/posts\/703\/revisions\/713"}],"wp:attachment":[{"href":"https:\/\/www.conferencetelephonique.fr\/blog\/wp-json\/wp\/v2\/media?parent=703"}],"wp:term":[{"taxonomy":"category","embeddable":true,"href":"https:\/\/www.conferencetelephonique.fr\/blog\/wp-json\/wp\/v2\/categories?post=703"},{"taxonomy":"post_tag","embeddable":true,"href":"https:\/\/www.conferencetelephonique.fr\/blog\/wp-json\/wp\/v2\/tags?post=703"}],"curies":[{"name":"wp","href":"https:\/\/api.w.org\/{rel}","templated":true}]}}