{"id":628,"date":"2018-06-23T09:18:13","date_gmt":"2018-06-23T07:18:13","guid":{"rendered":"https:\/\/www.conferencetelephonique.fr\/blog\/?p=628"},"modified":"2021-06-15T09:30:15","modified_gmt":"2021-06-15T07:30:15","slug":"networker-midi","status":"publish","type":"post","link":"https:\/\/www.conferencetelephonique.fr\/blog\/2018\/06\/23\/networker-midi\/","title":{"rendered":"O\u00f9 networker le midi ?"},"content":{"rendered":"<p><strong>Si la pause d\u00e9jeuner ne servait pas qu&rsquo;\u00e0 choisir entre une salade ou sandwich? Networker entre midi et deux semble \u00eatre la nouvelle tendance, surtout pour celles et ceux dont l&rsquo;agenda est charg\u00e9. O\u00f9 est-ce qu&rsquo;on peut networker?<\/strong><\/p>\n<p>Ce concept du networking pendant la pause d\u00e9jeuner, encore discret en France, se d\u00e9veloppe petit \u00e0 petit. Pour participer \u00e0 ces initiatives, la meilleure solution reste de se renseigner aupr\u00e8s des r\u00e9seaux professionnels de son secteur. Des entreprises toutes sp\u00e9cialement d\u00e9di\u00e9es, comme Colunching ou LikeLunch, existent pour faciliter la rencontre. La firme Colunching se positionne d&rsquo;ailleurs en tant que \u00ab\u00a0premier r\u00e9seau social de rencontres amicales et professionnelles autour du repas\u00a0\u00bb. Cette pause d\u00e9jeuner 2.0 s&rsquo;organise en fonction des affinit\u00e9s professionnelles, culturelles, ou bien d&rsquo;une th\u00e9matique sp\u00e9cifique (dynamiser son CV par exemple). De quoi optimiser son rendez-vous selon ses besoins.<\/p>\n<p><strong>Se m\u00e9langer<\/strong><br \/>\nPour ce qui est du monde de la (cantine) d&rsquo;entreprise, le constat n&rsquo;est pas vraiment le m\u00eame. Imposer \u00e0 ses coll\u00e8gues de parler boulot \u00e0 l&rsquo;heure du d\u00e9jeuner ou encore s&rsquo;incruster \u00e0 la table de personnes \u00ab\u00a0importantes\u00a0\u00bb semble \u00eatre une fausse bonne id\u00e9e. Networker sur son lieu de travail n&rsquo;est pas encore entr\u00e9 dans les moeurs : \u00ab\u00a0C&rsquo;est trop id\u00e9aliste de s&rsquo;imposer \u00e0 la pause d\u00e9jeuner de son entreprise (&#8230;) Les hi\u00e9rarchies n&rsquo;ont pas envie de se m\u00e9langer\u00a0\u00bb, constate Sabrina Boucherit, fondatrice du <a class=\"internal\" title=\"R\u00e9zo\u00e9\" href=\"http:\/\/www.marieclaire.fr\/rezoe,2615898,1248326.asp\">r\u00e9seau R\u00e9Zo\u00e9<\/a> et organisatrice de d\u00e9jeuners networking. Et entre coll\u00e8gues, l&rsquo;envie de s&rsquo;a\u00e9rer l&rsquo;esprit prime sur les discussions purement professionnelles.<\/p>\n<p>R\u00e9seauter le midi oui, mais pas autour de n&rsquo;importe quelle table.<\/p>\n<p><em>Source: <a href=\"http:\/\/www.marieclaire.fr\/la-pause-dejeuner-le-nouveau-moment-strategique-pour-networker,1268585.asp\">MarieClaire<\/a>. Image: Rawpixel<\/em><\/p>\n","protected":false},"excerpt":{"rendered":"<p>Si la pause d\u00e9jeuner ne servait pas qu&rsquo;\u00e0 choisir entre une salade ou sandwich? Networker entre midi et deux semble \u00eatre la nouvelle tendance, surtout pour celles et ceux dont&#8230;<\/p>\n<div class=\"more-link-wrapper\"><a class=\"more-link\" href=\"https:\/\/www.conferencetelephonique.fr\/blog\/2018\/06\/23\/networker-midi\/\">Continuer la lecture<span class=\"screen-reader-text\">O\u00f9 networker le midi ?<\/span><\/a><\/div>\n","protected":false},"author":2,"featured_media":0,"comment_status":"closed","ping_status":"open","sticky":false,"template":"","format":"standard","meta":[],"categories":[26],"tags":[27,69,18],"yoast_head":"<!-- This site is optimized with the Yoast SEO plugin v16.5 - https:\/\/yoast.com\/wordpress\/plugins\/seo\/ -->\n<title>O\u00f9 networker le midi ?<\/title>\n<meta name=\"description\" content=\"Networker entre midi et deux semble \u00eatre la nouvelle tendance, surtout pour celles et ceux dont l&#039;agenda est charg\u00e9. O\u00f9 est-ce qu&#039;on peut networker?\" \/>\n<meta name=\"robots\" content=\"index, follow, max-snippet:-1, max-image-preview:large, max-video-preview:-1\" \/>\n<link rel=\"canonical\" href=\"https:\/\/www.conferencetelephonique.fr\/blog\/2018\/06\/23\/networker-midi\/\" \/>\n<meta property=\"og:locale\" content=\"fr_FR\" \/>\n<meta property=\"og:type\" content=\"article\" \/>\n<meta property=\"og:title\" content=\"O\u00f9 networker le midi ?\" \/>\n<meta property=\"og:url\" content=\"https:\/\/www.conferencetelephonique.fr\/blog\/2018\/06\/23\/networker-midi\/\" \/>\n<meta property=\"og:site_name\" content=\"ConferenceTelephonique.fr blog\" \/>\n<meta property=\"article:published_time\" content=\"2018-06-23T07:18:13+00:00\" \/>\n<meta property=\"article:modified_time\" content=\"2021-06-15T07:30:15+00:00\" \/>\n<meta property=\"og:image\" content=\"https:\/\/www.conferencetelephonique.fr\/blog\/wp-content\/uploads\/2017\/06\/Schermafbeelding-2017-06-22-om-17.29.23.png\" \/>\n\t<meta property=\"og:image:width\" content=\"826\" \/>\n\t<meta property=\"og:image:height\" content=\"471\" \/>\n<meta name=\"twitter:card\" content=\"summary\" \/>\n<meta name=\"twitter:label1\" content=\"Dur\u00e9e de lecture est.\" \/>\n\t<meta name=\"twitter:data1\" content=\"1 minute\" \/>\n<script type=\"application\/ld+json\" class=\"yoast-schema-graph\">{\"@context\":\"https:\/\/schema.org\",\"@graph\":[{\"@type\":\"WebSite\",\"@id\":\"https:\/\/www.conferencetelephonique.fr\/blog\/#website\",\"url\":\"https:\/\/www.conferencetelephonique.fr\/blog\/\",\"name\":\"ConferenceTelephonique.fr blog\",\"description\":\"Conf\\u00e9rence t\\u00e9l\\u00e9phonique simplifi\\u00e9e\",\"potentialAction\":[{\"@type\":\"SearchAction\",\"target\":\"https:\/\/www.conferencetelephonique.fr\/blog\/?s={search_term_string}\",\"query-input\":\"required name=search_term_string\"}],\"inLanguage\":\"fr-FR\"},{\"@type\":\"WebPage\",\"@id\":\"https:\/\/www.conferencetelephonique.fr\/blog\/2018\/06\/23\/networker-midi\/#webpage\",\"url\":\"https:\/\/www.conferencetelephonique.fr\/blog\/2018\/06\/23\/networker-midi\/\",\"name\":\"O\\u00f9 networker le midi ?\",\"isPartOf\":{\"@id\":\"https:\/\/www.conferencetelephonique.fr\/blog\/#website\"},\"datePublished\":\"2018-06-23T07:18:13+00:00\",\"dateModified\":\"2021-06-15T07:30:15+00:00\",\"author\":{\"@id\":\"https:\/\/www.conferencetelephonique.fr\/blog\/#\/schema\/person\/febac21432531d5243aac6226c82e694\"},\"description\":\"Networker entre midi et deux semble \\u00eatre la nouvelle tendance, surtout pour celles et ceux dont l'agenda est charg\\u00e9. O\\u00f9 est-ce qu'on peut networker?\",\"breadcrumb\":{\"@id\":\"https:\/\/www.conferencetelephonique.fr\/blog\/2018\/06\/23\/networker-midi\/#breadcrumb\"},\"inLanguage\":\"fr-FR\",\"potentialAction\":[{\"@type\":\"ReadAction\",\"target\":[\"https:\/\/www.conferencetelephonique.fr\/blog\/2018\/06\/23\/networker-midi\/\"]}]},{\"@type\":\"BreadcrumbList\",\"@id\":\"https:\/\/www.conferencetelephonique.fr\/blog\/2018\/06\/23\/networker-midi\/#breadcrumb\",\"itemListElement\":[{\"@type\":\"ListItem\",\"position\":1,\"name\":\"Home\",\"item\":\"https:\/\/www.conferencetelephonique.fr\/blog\/\"},{\"@type\":\"ListItem\",\"position\":2,\"name\":\"O\\u00f9 networker le midi ?\"}]},{\"@type\":\"Person\",\"@id\":\"https:\/\/www.conferencetelephonique.fr\/blog\/#\/schema\/person\/febac21432531d5243aac6226c82e694\",\"name\":\"Irene de Waal\",\"image\":{\"@type\":\"ImageObject\",\"@id\":\"https:\/\/www.conferencetelephonique.fr\/blog\/#personlogo\",\"inLanguage\":\"fr-FR\",\"url\":\"https:\/\/secure.gravatar.com\/avatar\/665193ce2152bb574b7a702b3b9f2986?s=96&d=mm&r=g\",\"contentUrl\":\"https:\/\/secure.gravatar.com\/avatar\/665193ce2152bb574b7a702b3b9f2986?s=96&d=mm&r=g\",\"caption\":\"Irene de Waal\"},\"url\":\"https:\/\/www.conferencetelephonique.fr\/blog\/author\/irene\/\"}]}<\/script>\n<!-- \/ Yoast SEO plugin. -->","_links":{"self":[{"href":"https:\/\/www.conferencetelephonique.fr\/blog\/wp-json\/wp\/v2\/posts\/628"}],"collection":[{"href":"https:\/\/www.conferencetelephonique.fr\/blog\/wp-json\/wp\/v2\/posts"}],"about":[{"href":"https:\/\/www.conferencetelephonique.fr\/blog\/wp-json\/wp\/v2\/types\/post"}],"author":[{"embeddable":true,"href":"https:\/\/www.conferencetelephonique.fr\/blog\/wp-json\/wp\/v2\/users\/2"}],"replies":[{"embeddable":true,"href":"https:\/\/www.conferencetelephonique.fr\/blog\/wp-json\/wp\/v2\/comments?post=628"}],"version-history":[{"count":5,"href":"https:\/\/www.conferencetelephonique.fr\/blog\/wp-json\/wp\/v2\/posts\/628\/revisions"}],"predecessor-version":[{"id":634,"href":"https:\/\/www.conferencetelephonique.fr\/blog\/wp-json\/wp\/v2\/posts\/628\/revisions\/634"}],"wp:attachment":[{"href":"https:\/\/www.conferencetelephonique.fr\/blog\/wp-json\/wp\/v2\/media?parent=628"}],"wp:term":[{"taxonomy":"category","embeddable":true,"href":"https:\/\/www.conferencetelephonique.fr\/blog\/wp-json\/wp\/v2\/categories?post=628"},{"taxonomy":"post_tag","embeddable":true,"href":"https:\/\/www.conferencetelephonique.fr\/blog\/wp-json\/wp\/v2\/tags?post=628"}],"curies":[{"name":"wp","href":"https:\/\/api.w.org\/{rel}","templated":true}]}}