{"id":494,"date":"2018-03-07T07:26:32","date_gmt":"2018-03-07T06:26:32","guid":{"rendered":"https:\/\/www.conferencetelephonique.fr\/blog\/?p=494"},"modified":"2021-06-15T09:30:17","modified_gmt":"2021-06-15T07:30:17","slug":"disneyland-paris-investit","status":"publish","type":"post","link":"https:\/\/www.conferencetelephonique.fr\/blog\/2018\/03\/07\/disneyland-paris-investit\/","title":{"rendered":"Disneyland Paris investit 2 milliards d&rsquo;euros pour s&rsquo;\u00e9tendre"},"content":{"rendered":"<p><strong>Le parc d&rsquo;attractions francilien a annonc\u00e9 le lancement d&rsquo;un plan de d\u00e9veloppement de deux milliards d&rsquo;euros, qui seront investis pour \u00e9tendre le site de loisirs sur plusieurs ann\u00e9es, \u00e0 compter de 2021.<\/strong><\/p>\n<p>Disneyland Paris s&rsquo;appr\u00eate \u00e0 vivre une nouvelle page de son histoire, \u00e9crite depuis l&rsquo;ouverture du premier parc en 1992. Le deuxi\u00e8me site, le Parc Walt Disney Studios ouvert dix ans plus tard, sera le principal concern\u00e9 par cette nouvelle campagne de travaux, puisque trois nouvelles zones th\u00e9matiques vont \u00eatre cr\u00e9\u00e9es. Les petits rencontreront la Reine des Neiges, tandis qu&rsquo;un espace sera r\u00e9serv\u00e9 \u00e0 Star Wars et un autre aux h\u00e9ros de Marvel.<\/p>\n<p><strong>Touristes<\/strong><br \/>\nPlus de 320 millions de visites ont \u00e9t\u00e9 comptabilis\u00e9es depuis l&rsquo;ouverture de Disneyland Paris. Surtout que les touristes sont revenus en France en\u00a02017\u00a0(89 millions sur toute l&rsquo;ann\u00e9e), confortant de plus belle la place de\u00a0l&rsquo;Hexagone comme premi\u00e8re destination touristique mondiale apr\u00e8s une baisse en\u00a02015\u00a0et 2016. Ces r\u00e9sultats font les affaires de Disneyland, qui constitue \u00e0 lui seul plus de\u00a06\u00a0% des recettes touristiques du pays. Avec la construction de ces trois nouveaux secteurs, les visiteurs pourraient par ailleurs \u00eatre tent\u00e9s de rester plus longtemps sur le sol fran\u00e7ais.<\/p>\n<p><em>Source: <a href=\"http:\/\/www.lepoint.fr\/pop-culture\/lifestyle\/pourquoi-disney-a-decide-d-etendre-son-parc-d-attraction-francais-02-03-2018-2199208_2944.php\">LePoint<\/a>. Image: <a href=\"https:\/\/www.instagram.com\/p\/Bep9V-sHgqV\/?taken-by=disneylandparis\">Instagram Disneyland Paris<\/a><\/em><\/p>\n<p>&nbsp;<\/p>\n","protected":false},"excerpt":{"rendered":"<p>Le parc d&rsquo;attractions francilien a annonc\u00e9 le lancement d&rsquo;un plan de d\u00e9veloppement de deux milliards d&rsquo;euros, qui seront investis pour \u00e9tendre le site de loisirs sur plusieurs ann\u00e9es, \u00e0 compter&#8230;<\/p>\n<div class=\"more-link-wrapper\"><a class=\"more-link\" href=\"https:\/\/www.conferencetelephonique.fr\/blog\/2018\/03\/07\/disneyland-paris-investit\/\">Continuer la lecture<span class=\"screen-reader-text\">Disneyland Paris investit 2 milliards d&rsquo;euros pour s&rsquo;\u00e9tendre<\/span><\/a><\/div>\n","protected":false},"author":2,"featured_media":0,"comment_status":"closed","ping_status":"open","sticky":false,"template":"","format":"standard","meta":[],"categories":[20],"tags":[59,21,57],"yoast_head":"<!-- This site is optimized with the Yoast SEO plugin v16.5 - https:\/\/yoast.com\/wordpress\/plugins\/seo\/ -->\n<title>Disneyland Paris investit 2 milliards d&#039;euros pour s&#039;\u00e9tendre<\/title>\n<meta name=\"description\" content=\"Le parc d&#039;attractions francilien a annonc\u00e9 le lancement d&#039;un plan de d\u00e9veloppement de deux milliards d&#039;euros.\" \/>\n<meta name=\"robots\" content=\"index, follow, max-snippet:-1, max-image-preview:large, max-video-preview:-1\" \/>\n<link rel=\"canonical\" href=\"https:\/\/www.conferencetelephonique.fr\/blog\/2018\/03\/07\/disneyland-paris-investit\/\" \/>\n<meta property=\"og:locale\" content=\"fr_FR\" \/>\n<meta property=\"og:type\" content=\"article\" \/>\n<meta property=\"og:title\" content=\"Disneyland Paris investit 2 milliards d&#039;euros pour s&#039;\u00e9tendre\" \/>\n<meta property=\"og:url\" content=\"https:\/\/www.conferencetelephonique.fr\/blog\/2018\/03\/07\/disneyland-paris-investit\/\" \/>\n<meta property=\"og:site_name\" content=\"ConferenceTelephonique.fr blog\" \/>\n<meta property=\"article:published_time\" content=\"2018-03-07T06:26:32+00:00\" \/>\n<meta property=\"article:modified_time\" content=\"2021-06-15T07:30:17+00:00\" \/>\n<meta property=\"og:image\" content=\"https:\/\/www.conferencetelephonique.fr\/blog\/wp-content\/uploads\/2018\/03\/Disneyland-Paris.png\" \/>\n\t<meta property=\"og:image:width\" content=\"601\" \/>\n\t<meta property=\"og:image:height\" content=\"458\" \/>\n<meta name=\"twitter:card\" content=\"summary\" \/>\n<meta name=\"twitter:label1\" content=\"Dur\u00e9e de lecture est.\" \/>\n\t<meta name=\"twitter:data1\" content=\"1 minute\" \/>\n<script type=\"application\/ld+json\" class=\"yoast-schema-graph\">{\"@context\":\"https:\/\/schema.org\",\"@graph\":[{\"@type\":\"WebSite\",\"@id\":\"https:\/\/www.conferencetelephonique.fr\/blog\/#website\",\"url\":\"https:\/\/www.conferencetelephonique.fr\/blog\/\",\"name\":\"ConferenceTelephonique.fr blog\",\"description\":\"Conf\\u00e9rence t\\u00e9l\\u00e9phonique simplifi\\u00e9e\",\"potentialAction\":[{\"@type\":\"SearchAction\",\"target\":\"https:\/\/www.conferencetelephonique.fr\/blog\/?s={search_term_string}\",\"query-input\":\"required name=search_term_string\"}],\"inLanguage\":\"fr-FR\"},{\"@type\":\"WebPage\",\"@id\":\"https:\/\/www.conferencetelephonique.fr\/blog\/2018\/03\/07\/disneyland-paris-investit\/#webpage\",\"url\":\"https:\/\/www.conferencetelephonique.fr\/blog\/2018\/03\/07\/disneyland-paris-investit\/\",\"name\":\"Disneyland Paris investit 2 milliards d'euros pour s'\\u00e9tendre\",\"isPartOf\":{\"@id\":\"https:\/\/www.conferencetelephonique.fr\/blog\/#website\"},\"datePublished\":\"2018-03-07T06:26:32+00:00\",\"dateModified\":\"2021-06-15T07:30:17+00:00\",\"author\":{\"@id\":\"https:\/\/www.conferencetelephonique.fr\/blog\/#\/schema\/person\/febac21432531d5243aac6226c82e694\"},\"description\":\"Le parc d'attractions francilien a annonc\\u00e9 le lancement d'un plan de d\\u00e9veloppement de deux milliards d'euros.\",\"breadcrumb\":{\"@id\":\"https:\/\/www.conferencetelephonique.fr\/blog\/2018\/03\/07\/disneyland-paris-investit\/#breadcrumb\"},\"inLanguage\":\"fr-FR\",\"potentialAction\":[{\"@type\":\"ReadAction\",\"target\":[\"https:\/\/www.conferencetelephonique.fr\/blog\/2018\/03\/07\/disneyland-paris-investit\/\"]}]},{\"@type\":\"BreadcrumbList\",\"@id\":\"https:\/\/www.conferencetelephonique.fr\/blog\/2018\/03\/07\/disneyland-paris-investit\/#breadcrumb\",\"itemListElement\":[{\"@type\":\"ListItem\",\"position\":1,\"name\":\"Home\",\"item\":\"https:\/\/www.conferencetelephonique.fr\/blog\/\"},{\"@type\":\"ListItem\",\"position\":2,\"name\":\"Disneyland Paris investit 2 milliards d&rsquo;euros pour s&rsquo;\\u00e9tendre\"}]},{\"@type\":\"Person\",\"@id\":\"https:\/\/www.conferencetelephonique.fr\/blog\/#\/schema\/person\/febac21432531d5243aac6226c82e694\",\"name\":\"Irene de Waal\",\"image\":{\"@type\":\"ImageObject\",\"@id\":\"https:\/\/www.conferencetelephonique.fr\/blog\/#personlogo\",\"inLanguage\":\"fr-FR\",\"url\":\"https:\/\/secure.gravatar.com\/avatar\/665193ce2152bb574b7a702b3b9f2986?s=96&d=mm&r=g\",\"contentUrl\":\"https:\/\/secure.gravatar.com\/avatar\/665193ce2152bb574b7a702b3b9f2986?s=96&d=mm&r=g\",\"caption\":\"Irene de Waal\"},\"url\":\"https:\/\/www.conferencetelephonique.fr\/blog\/author\/irene\/\"}]}<\/script>\n<!-- \/ Yoast SEO plugin. -->","_links":{"self":[{"href":"https:\/\/www.conferencetelephonique.fr\/blog\/wp-json\/wp\/v2\/posts\/494"}],"collection":[{"href":"https:\/\/www.conferencetelephonique.fr\/blog\/wp-json\/wp\/v2\/posts"}],"about":[{"href":"https:\/\/www.conferencetelephonique.fr\/blog\/wp-json\/wp\/v2\/types\/post"}],"author":[{"embeddable":true,"href":"https:\/\/www.conferencetelephonique.fr\/blog\/wp-json\/wp\/v2\/users\/2"}],"replies":[{"embeddable":true,"href":"https:\/\/www.conferencetelephonique.fr\/blog\/wp-json\/wp\/v2\/comments?post=494"}],"version-history":[{"count":2,"href":"https:\/\/www.conferencetelephonique.fr\/blog\/wp-json\/wp\/v2\/posts\/494\/revisions"}],"predecessor-version":[{"id":497,"href":"https:\/\/www.conferencetelephonique.fr\/blog\/wp-json\/wp\/v2\/posts\/494\/revisions\/497"}],"wp:attachment":[{"href":"https:\/\/www.conferencetelephonique.fr\/blog\/wp-json\/wp\/v2\/media?parent=494"}],"wp:term":[{"taxonomy":"category","embeddable":true,"href":"https:\/\/www.conferencetelephonique.fr\/blog\/wp-json\/wp\/v2\/categories?post=494"},{"taxonomy":"post_tag","embeddable":true,"href":"https:\/\/www.conferencetelephonique.fr\/blog\/wp-json\/wp\/v2\/tags?post=494"}],"curies":[{"name":"wp","href":"https:\/\/api.w.org\/{rel}","templated":true}]}}