{"id":436,"date":"2018-02-19T09:54:51","date_gmt":"2018-02-19T08:54:51","guid":{"rendered":"https:\/\/www.conferencetelephonique.fr\/blog\/?p=436"},"modified":"2021-06-15T09:30:17","modified_gmt":"2021-06-15T07:30:17","slug":"produits-de-beaute-francais","status":"publish","type":"post","link":"https:\/\/www.conferencetelephonique.fr\/blog\/2018\/02\/19\/produits-de-beaute-francais\/","title":{"rendered":"Les produits de beaut\u00e9 fran\u00e7ais font un tabac \u00e0 l\u2019\u00e9tranger"},"content":{"rendered":"<p><strong>L\u2019industrie fran\u00e7aise des cosm\u00e9tiques a export\u00e9 13,6\u00a0milliards d\u2019euros en\u00a02017, selon les chiffres publi\u00e9s par la F\u00e9d\u00e9ration des entreprises de la beaut\u00e9. C&rsquo;est un record.<\/strong><\/p>\n<p>En\u00a02017, les ventes \u00e0 l\u2019\u00e9tranger de l\u2019industrie fran\u00e7aise des cosm\u00e9tiques ont battu un nouveau record, en franchissant la barre des 13\u00a0milliards d\u2019euros, d\u2019apr\u00e8s les chiffres publi\u00e9s par la F\u00e9d\u00e9ration des entreprises de la beaut\u00e9 (Febea).<\/p>\n<p><strong>12%<\/strong><br \/>\nLes exportations de parfums, fards et autres cr\u00eames de beaut\u00e9 ont bondi de 12\u00a0% par rapport \u00e0 l\u2019ann\u00e9e 2016. La balance commerciale de l\u2019industrie de la beaut\u00e9 se range \u00ab\u00a0<i>derri\u00e8re les 17\u00a0milliards d\u2019euros de l\u2019industrie a\u00e9ronautique et les 11\u00a0milliards d\u2019euros des producteurs de <\/i><i>vins<\/i><i> et de spiritueux<\/i>\u00a0\u00bb, analyse le pr\u00e9sident de la Febea.<\/p>\n<p><strong>L\u2019Am\u00e9rique du Nord et l\u2019Asie<\/strong><br \/>\nL\u2019Am\u00e9rique du Nord et l\u2019Asie ont fortement contribu\u00e9 \u00e0 l\u2019envol\u00e9e des exportations de produits de beaut\u00e9 \u00ab\u00a0made in france\u00a0\u00bb, loin devant l\u2019Union europ\u00e9enne.\u00a0En Asie, les ventes \u00e0 l\u2019\u00e9tranger progressent de 25\u00a0% en un an.<\/p>\n<p><strong>Ventes de cosm\u00e9tiques<\/strong><br \/>\nSans surprise, les L\u2019Or\u00e9al, Clarins et autres Sisley ont profit\u00e9 du regain de la consommation de produits haut de gamme en Chine\u00a0: les ventes de cosm\u00e9tiques fran\u00e7ais y ont progress\u00e9 de 30\u00a0% l\u2019an dernier. La Febea attribue cette performance \u00e0 la fa\u00e7on dont les marques fran\u00e7aises ont adapt\u00e9 leurs gammes aux habitudes et aux besoins sp\u00e9cifiques des consommateurs asiatiques.<\/p>\n<p><strong>Scandales sanitaires en Chine<\/strong><br \/>\nEn outre, en Chine, les fabricants de produits de beaut\u00e9 rapportent tous combien la r\u00e9putation de fiabilit\u00e9 de leurs marques rassure les consommateurs \u00e9chaud\u00e9s par de multiples scandales sanitaires. C\u2019est d\u2019autant plus vrai sur le segment des soins qui repr\u00e9sentent 44,3\u00a0% des exportations fran\u00e7aises de produits de beaut\u00e9 dans le monde, devant les parfums (31\u00a0%).<\/p>\n<p><em>Source:<a href=\"http:\/\/www.lemonde.fr\/economie\/article\/2018\/02\/15\/les-produits-de-beaute-made-in-france-font-un-tabac-a-l-etranger_5257555_3234.html\"> Le Monde<\/a>. Image: 123RF<\/em><\/p>\n","protected":false},"excerpt":{"rendered":"<p>L\u2019industrie fran\u00e7aise des cosm\u00e9tiques a export\u00e9 13,6\u00a0milliards d\u2019euros en\u00a02017, selon les chiffres publi\u00e9s par la F\u00e9d\u00e9ration des entreprises de la beaut\u00e9. C&rsquo;est un record. En\u00a02017, les ventes \u00e0 l\u2019\u00e9tranger de&#8230;<\/p>\n<div class=\"more-link-wrapper\"><a class=\"more-link\" href=\"https:\/\/www.conferencetelephonique.fr\/blog\/2018\/02\/19\/produits-de-beaute-francais\/\">Continuer la lecture<span class=\"screen-reader-text\">Les produits de beaut\u00e9 fran\u00e7ais font un tabac \u00e0 l\u2019\u00e9tranger<\/span><\/a><\/div>\n","protected":false},"author":2,"featured_media":0,"comment_status":"closed","ping_status":"open","sticky":false,"template":"","format":"standard","meta":[],"categories":[20],"tags":[21,54],"yoast_head":"<!-- This site is optimized with the Yoast SEO plugin v16.5 - https:\/\/yoast.com\/wordpress\/plugins\/seo\/ -->\n<title>Les produits de beaut\u00e9 fran\u00e7ais font un tabac \u00e0 l\u2019\u00e9tranger<\/title>\n<meta name=\"description\" content=\"L\u2019industrie fran\u00e7aise des cosm\u00e9tiques a export\u00e9 13,6\u00a0milliards d\u2019euros en\u00a02017. C&#039;est un record.\" \/>\n<meta name=\"robots\" content=\"index, follow, max-snippet:-1, max-image-preview:large, max-video-preview:-1\" \/>\n<link rel=\"canonical\" href=\"https:\/\/www.conferencetelephonique.fr\/blog\/2018\/02\/19\/produits-de-beaute-francais\/\" \/>\n<meta property=\"og:locale\" content=\"fr_FR\" \/>\n<meta property=\"og:type\" content=\"article\" \/>\n<meta property=\"og:title\" content=\"Les produits de beaut\u00e9 fran\u00e7ais font un tabac \u00e0 l\u2019\u00e9tranger\" \/>\n<meta property=\"og:url\" content=\"https:\/\/www.conferencetelephonique.fr\/blog\/2018\/02\/19\/produits-de-beaute-francais\/\" \/>\n<meta property=\"og:site_name\" content=\"ConferenceTelephonique.fr blog\" \/>\n<meta property=\"article:published_time\" content=\"2018-02-19T08:54:51+00:00\" \/>\n<meta property=\"article:modified_time\" content=\"2021-06-15T07:30:17+00:00\" \/>\n<meta property=\"og:image\" content=\"https:\/\/www.conferencetelephonique.fr\/blog\/wp-content\/uploads\/2018\/02\/Lanc\u00f4me.jpg\" \/>\n\t<meta property=\"og:image:width\" content=\"550\" \/>\n\t<meta property=\"og:image:height\" content=\"347\" \/>\n<meta name=\"twitter:card\" content=\"summary\" \/>\n<meta name=\"twitter:label1\" content=\"Dur\u00e9e de lecture est.\" \/>\n\t<meta name=\"twitter:data1\" content=\"2 minutes\" \/>\n<script type=\"application\/ld+json\" class=\"yoast-schema-graph\">{\"@context\":\"https:\/\/schema.org\",\"@graph\":[{\"@type\":\"WebSite\",\"@id\":\"https:\/\/www.conferencetelephonique.fr\/blog\/#website\",\"url\":\"https:\/\/www.conferencetelephonique.fr\/blog\/\",\"name\":\"ConferenceTelephonique.fr blog\",\"description\":\"Conf\\u00e9rence t\\u00e9l\\u00e9phonique simplifi\\u00e9e\",\"potentialAction\":[{\"@type\":\"SearchAction\",\"target\":\"https:\/\/www.conferencetelephonique.fr\/blog\/?s={search_term_string}\",\"query-input\":\"required name=search_term_string\"}],\"inLanguage\":\"fr-FR\"},{\"@type\":\"WebPage\",\"@id\":\"https:\/\/www.conferencetelephonique.fr\/blog\/2018\/02\/19\/produits-de-beaute-francais\/#webpage\",\"url\":\"https:\/\/www.conferencetelephonique.fr\/blog\/2018\/02\/19\/produits-de-beaute-francais\/\",\"name\":\"Les produits de beaut\\u00e9 fran\\u00e7ais font un tabac \\u00e0 l\\u2019\\u00e9tranger\",\"isPartOf\":{\"@id\":\"https:\/\/www.conferencetelephonique.fr\/blog\/#website\"},\"datePublished\":\"2018-02-19T08:54:51+00:00\",\"dateModified\":\"2021-06-15T07:30:17+00:00\",\"author\":{\"@id\":\"https:\/\/www.conferencetelephonique.fr\/blog\/#\/schema\/person\/febac21432531d5243aac6226c82e694\"},\"description\":\"L\\u2019industrie fran\\u00e7aise des cosm\\u00e9tiques a export\\u00e9 13,6\\u00a0milliards d\\u2019euros en\\u00a02017. C'est un record.\",\"breadcrumb\":{\"@id\":\"https:\/\/www.conferencetelephonique.fr\/blog\/2018\/02\/19\/produits-de-beaute-francais\/#breadcrumb\"},\"inLanguage\":\"fr-FR\",\"potentialAction\":[{\"@type\":\"ReadAction\",\"target\":[\"https:\/\/www.conferencetelephonique.fr\/blog\/2018\/02\/19\/produits-de-beaute-francais\/\"]}]},{\"@type\":\"BreadcrumbList\",\"@id\":\"https:\/\/www.conferencetelephonique.fr\/blog\/2018\/02\/19\/produits-de-beaute-francais\/#breadcrumb\",\"itemListElement\":[{\"@type\":\"ListItem\",\"position\":1,\"name\":\"Home\",\"item\":\"https:\/\/www.conferencetelephonique.fr\/blog\/\"},{\"@type\":\"ListItem\",\"position\":2,\"name\":\"Les produits de beaut\\u00e9 fran\\u00e7ais font un tabac \\u00e0 l\\u2019\\u00e9tranger\"}]},{\"@type\":\"Person\",\"@id\":\"https:\/\/www.conferencetelephonique.fr\/blog\/#\/schema\/person\/febac21432531d5243aac6226c82e694\",\"name\":\"Irene de Waal\",\"image\":{\"@type\":\"ImageObject\",\"@id\":\"https:\/\/www.conferencetelephonique.fr\/blog\/#personlogo\",\"inLanguage\":\"fr-FR\",\"url\":\"https:\/\/secure.gravatar.com\/avatar\/665193ce2152bb574b7a702b3b9f2986?s=96&d=mm&r=g\",\"contentUrl\":\"https:\/\/secure.gravatar.com\/avatar\/665193ce2152bb574b7a702b3b9f2986?s=96&d=mm&r=g\",\"caption\":\"Irene de Waal\"},\"url\":\"https:\/\/www.conferencetelephonique.fr\/blog\/author\/irene\/\"}]}<\/script>\n<!-- \/ Yoast SEO plugin. -->","_links":{"self":[{"href":"https:\/\/www.conferencetelephonique.fr\/blog\/wp-json\/wp\/v2\/posts\/436"}],"collection":[{"href":"https:\/\/www.conferencetelephonique.fr\/blog\/wp-json\/wp\/v2\/posts"}],"about":[{"href":"https:\/\/www.conferencetelephonique.fr\/blog\/wp-json\/wp\/v2\/types\/post"}],"author":[{"embeddable":true,"href":"https:\/\/www.conferencetelephonique.fr\/blog\/wp-json\/wp\/v2\/users\/2"}],"replies":[{"embeddable":true,"href":"https:\/\/www.conferencetelephonique.fr\/blog\/wp-json\/wp\/v2\/comments?post=436"}],"version-history":[{"count":2,"href":"https:\/\/www.conferencetelephonique.fr\/blog\/wp-json\/wp\/v2\/posts\/436\/revisions"}],"predecessor-version":[{"id":438,"href":"https:\/\/www.conferencetelephonique.fr\/blog\/wp-json\/wp\/v2\/posts\/436\/revisions\/438"}],"wp:attachment":[{"href":"https:\/\/www.conferencetelephonique.fr\/blog\/wp-json\/wp\/v2\/media?parent=436"}],"wp:term":[{"taxonomy":"category","embeddable":true,"href":"https:\/\/www.conferencetelephonique.fr\/blog\/wp-json\/wp\/v2\/categories?post=436"},{"taxonomy":"post_tag","embeddable":true,"href":"https:\/\/www.conferencetelephonique.fr\/blog\/wp-json\/wp\/v2\/tags?post=436"}],"curies":[{"name":"wp","href":"https:\/\/api.w.org\/{rel}","templated":true}]}}