{"id":397,"date":"2018-01-22T11:18:37","date_gmt":"2018-01-22T10:18:37","guid":{"rendered":"https:\/\/www.conferencetelephonique.fr\/blog\/?p=397"},"modified":"2021-06-15T09:30:18","modified_gmt":"2021-06-15T07:30:18","slug":"zones-blanches-reseau-mobile","status":"publish","type":"post","link":"https:\/\/www.conferencetelephonique.fr\/blog\/2018\/01\/22\/zones-blanches-reseau-mobile\/","title":{"rendered":"Les zones blanches du r\u00e9seau mobile vont garantir une couverture de qualit\u00e9"},"content":{"rendered":"<p><strong>Le gouvernement fran\u00e7ais a annonc\u00e9 d&rsquo;avoir conclu un accord avec les 4 op\u00e9rateurs de t\u00e9l\u00e9phonie mobile afin de garantir une couverture de qualit\u00e9 partout en France.<\/strong><\/p>\n<p>A l\u2019heure du passage de la 3G \u00e0 la 4G, t\u00e9l\u00e9phoner avec son portable n\u2019est pas encore chose simple dans 541 centres-bourgs situ\u00e9s en zone blanche, selon un arr\u00eat\u00e9 du 5 mai 2017. Mais le probl\u00e8me devrait enfin \u00eatre pris \u00e0 bras-le-corps par les op\u00e9rateurs.<i> \u00ab\u00a0Il n\u2019y aura plus de zones blanches\u00a0\u00bb<\/i>, a assur\u00e9 Julien Denormandie, secr\u00e9taire d\u2019Etat aupr\u00e8s du ministre de la coh\u00e9sion des territoires.<\/p>\n<p><strong>Investissement<\/strong><br \/>\nLes 4 op\u00e9rateurs se sont engag\u00e9s \u00e0 fournir 5.000 installations suppl\u00e9mentaires pour un investissement de plus de 3\u00a0milliards d\u2019euros d\u2019ici \u00e0 5 ans.<\/p>\n<p><strong>99% dispose de la 3G<\/strong><br \/>\nEn moyenne, 11\u00a0% de la population n\u2019est pas couverte par la 4G alors que 99 % dispose de la 3G, d\u2019apr\u00e8s les donn\u00e9es de<b> <\/b>l\u2019Autorit\u00e9 de r\u00e9gulation des communications \u00e9lectroniques et des postes (Arcep)\u00a0en juillet 2017. Le territoire, lui, est couvert \u00e0 91,5 % par la 3G et \u00e0 60 % par la 4G, selon la m\u00eame source.<b> <\/b>Cela place la France au 24e rang sur 28 au sein de l\u2019Union europ\u00e9enne pour la 4G, selon la Commission europ\u00e9enne.<\/p>\n<p><strong>Zone rurale<\/strong><br \/>\nPour les personnes qui n\u2019habitent pas en ville, le d\u00e9bit est loin d\u2019\u00eatre au rendez-vous. A l\u2019heure actuelle, regarder\u00a0une vid\u00e9o de qualit\u00e9 irr\u00e9prochable, \u00e0 l\u2019int\u00e9rieur d\u2019un b\u00e2timent ou \u00e0 l\u2019ext\u00e9rieur, dans une zone rurale, ne peut \u00eatre garanti \u00e0 100 % par aucun op\u00e9rateur. Free se distingue avec un taux particuli\u00e8rement plus faible que les autres.<\/p>\n<p><strong>LIRE AUSSI:<\/strong> <a href=\"https:\/\/www.conferencetelephonique.fr\/blog\/2017\/06\/04\/conseils-conf-call\/\">5 conseils pour une \u00ab\u00a0conf call\u00a0\u00bb r\u00e9ussie<\/a><\/p>\n<p><strong>Zones blanches<\/strong><br \/>\nLe r\u00e9seau d\u2019Internet mobile devrait tout de m\u00eame s\u2019am\u00e9liorer rapidement. Dans les\u00a0\u00ab\u00a0zones blanches\u00a0\u00bb, les op\u00e9rateurs devront <i>\u00ab\u00a0couvrir les principaux axes de <\/i><i>transport<\/i><i>, et notamment les 30 000\u00a0km de lignes ferroviaires, lignes de TER comprises\u00a0\u00bb<\/i>, a pr\u00e9cis\u00e9 Julien Denormandie.<\/p>\n<p><em>Source: <a href=\"http:\/\/www.lemonde.fr\/les-decodeurs\/article\/2018\/01\/17\/les-zones-blanches-du-reseau-mobile-en-5-chiffres_5242986_4355770.html\">Le Monde<\/a>. Image: 123RF<\/em><\/p>\n","protected":false},"excerpt":{"rendered":"<p>Le gouvernement fran\u00e7ais a annonc\u00e9 d&rsquo;avoir conclu un accord avec les 4 op\u00e9rateurs de t\u00e9l\u00e9phonie mobile afin de garantir une couverture de qualit\u00e9 partout en France. A l\u2019heure du passage&#8230;<\/p>\n<div class=\"more-link-wrapper\"><a class=\"more-link\" href=\"https:\/\/www.conferencetelephonique.fr\/blog\/2018\/01\/22\/zones-blanches-reseau-mobile\/\">Continuer la lecture<span class=\"screen-reader-text\">Les zones blanches du r\u00e9seau mobile vont garantir une couverture de qualit\u00e9<\/span><\/a><\/div>\n","protected":false},"author":2,"featured_media":0,"comment_status":"closed","ping_status":"open","sticky":false,"template":"","format":"standard","meta":[],"categories":[20],"tags":[39,50],"yoast_head":"<!-- This site is optimized with the Yoast SEO plugin v16.5 - https:\/\/yoast.com\/wordpress\/plugins\/seo\/ -->\n<title>Les zones blanches du r\u00e9seau mobile: garantir une couverture de qualit\u00e9<\/title>\n<meta name=\"description\" content=\"Le gouvernement fran\u00e7ais a annonc\u00e9 d&#039;avoir conclu un accord avec les 4 op\u00e9rateurs de t\u00e9l\u00e9phonie mobile afin de garantir une couverture de qualit\u00e9 en France.\" \/>\n<meta name=\"robots\" content=\"index, follow, max-snippet:-1, max-image-preview:large, max-video-preview:-1\" \/>\n<link rel=\"canonical\" href=\"https:\/\/www.conferencetelephonique.fr\/blog\/2018\/01\/22\/zones-blanches-reseau-mobile\/\" \/>\n<meta property=\"og:locale\" content=\"fr_FR\" \/>\n<meta property=\"og:type\" content=\"article\" \/>\n<meta property=\"og:title\" content=\"Les zones blanches du r\u00e9seau mobile: garantir une couverture de qualit\u00e9\" \/>\n<meta property=\"og:url\" content=\"https:\/\/www.conferencetelephonique.fr\/blog\/2018\/01\/22\/zones-blanches-reseau-mobile\/\" \/>\n<meta property=\"og:site_name\" content=\"ConferenceTelephonique.fr blog\" \/>\n<meta property=\"article:published_time\" content=\"2018-01-22T10:18:37+00:00\" \/>\n<meta property=\"article:modified_time\" content=\"2021-06-15T07:30:18+00:00\" \/>\n<meta property=\"og:image\" content=\"https:\/\/www.conferencetelephonique.fr\/blog\/wp-content\/uploads\/2017\/07\/15719291_m.jpg\" \/>\n\t<meta property=\"og:image:width\" content=\"848\" \/>\n\t<meta property=\"og:image:height\" content=\"565\" \/>\n<meta name=\"twitter:card\" content=\"summary\" \/>\n<meta name=\"twitter:label1\" content=\"Dur\u00e9e de lecture est.\" \/>\n\t<meta name=\"twitter:data1\" content=\"2 minutes\" \/>\n<script type=\"application\/ld+json\" class=\"yoast-schema-graph\">{\"@context\":\"https:\/\/schema.org\",\"@graph\":[{\"@type\":\"WebSite\",\"@id\":\"https:\/\/www.conferencetelephonique.fr\/blog\/#website\",\"url\":\"https:\/\/www.conferencetelephonique.fr\/blog\/\",\"name\":\"ConferenceTelephonique.fr blog\",\"description\":\"Conf\\u00e9rence t\\u00e9l\\u00e9phonique simplifi\\u00e9e\",\"potentialAction\":[{\"@type\":\"SearchAction\",\"target\":\"https:\/\/www.conferencetelephonique.fr\/blog\/?s={search_term_string}\",\"query-input\":\"required name=search_term_string\"}],\"inLanguage\":\"fr-FR\"},{\"@type\":\"WebPage\",\"@id\":\"https:\/\/www.conferencetelephonique.fr\/blog\/2018\/01\/22\/zones-blanches-reseau-mobile\/#webpage\",\"url\":\"https:\/\/www.conferencetelephonique.fr\/blog\/2018\/01\/22\/zones-blanches-reseau-mobile\/\",\"name\":\"Les zones blanches du r\\u00e9seau mobile: garantir une couverture de qualit\\u00e9\",\"isPartOf\":{\"@id\":\"https:\/\/www.conferencetelephonique.fr\/blog\/#website\"},\"datePublished\":\"2018-01-22T10:18:37+00:00\",\"dateModified\":\"2021-06-15T07:30:18+00:00\",\"author\":{\"@id\":\"https:\/\/www.conferencetelephonique.fr\/blog\/#\/schema\/person\/febac21432531d5243aac6226c82e694\"},\"description\":\"Le gouvernement fran\\u00e7ais a annonc\\u00e9 d'avoir conclu un accord avec les 4 op\\u00e9rateurs de t\\u00e9l\\u00e9phonie mobile afin de garantir une couverture de qualit\\u00e9 en France.\",\"breadcrumb\":{\"@id\":\"https:\/\/www.conferencetelephonique.fr\/blog\/2018\/01\/22\/zones-blanches-reseau-mobile\/#breadcrumb\"},\"inLanguage\":\"fr-FR\",\"potentialAction\":[{\"@type\":\"ReadAction\",\"target\":[\"https:\/\/www.conferencetelephonique.fr\/blog\/2018\/01\/22\/zones-blanches-reseau-mobile\/\"]}]},{\"@type\":\"BreadcrumbList\",\"@id\":\"https:\/\/www.conferencetelephonique.fr\/blog\/2018\/01\/22\/zones-blanches-reseau-mobile\/#breadcrumb\",\"itemListElement\":[{\"@type\":\"ListItem\",\"position\":1,\"name\":\"Home\",\"item\":\"https:\/\/www.conferencetelephonique.fr\/blog\/\"},{\"@type\":\"ListItem\",\"position\":2,\"name\":\"Les zones blanches du r\\u00e9seau mobile vont garantir une couverture de qualit\\u00e9\"}]},{\"@type\":\"Person\",\"@id\":\"https:\/\/www.conferencetelephonique.fr\/blog\/#\/schema\/person\/febac21432531d5243aac6226c82e694\",\"name\":\"Irene de Waal\",\"image\":{\"@type\":\"ImageObject\",\"@id\":\"https:\/\/www.conferencetelephonique.fr\/blog\/#personlogo\",\"inLanguage\":\"fr-FR\",\"url\":\"https:\/\/secure.gravatar.com\/avatar\/665193ce2152bb574b7a702b3b9f2986?s=96&d=mm&r=g\",\"contentUrl\":\"https:\/\/secure.gravatar.com\/avatar\/665193ce2152bb574b7a702b3b9f2986?s=96&d=mm&r=g\",\"caption\":\"Irene de Waal\"},\"url\":\"https:\/\/www.conferencetelephonique.fr\/blog\/author\/irene\/\"}]}<\/script>\n<!-- \/ Yoast SEO plugin. -->","_links":{"self":[{"href":"https:\/\/www.conferencetelephonique.fr\/blog\/wp-json\/wp\/v2\/posts\/397"}],"collection":[{"href":"https:\/\/www.conferencetelephonique.fr\/blog\/wp-json\/wp\/v2\/posts"}],"about":[{"href":"https:\/\/www.conferencetelephonique.fr\/blog\/wp-json\/wp\/v2\/types\/post"}],"author":[{"embeddable":true,"href":"https:\/\/www.conferencetelephonique.fr\/blog\/wp-json\/wp\/v2\/users\/2"}],"replies":[{"embeddable":true,"href":"https:\/\/www.conferencetelephonique.fr\/blog\/wp-json\/wp\/v2\/comments?post=397"}],"version-history":[{"count":1,"href":"https:\/\/www.conferencetelephonique.fr\/blog\/wp-json\/wp\/v2\/posts\/397\/revisions"}],"predecessor-version":[{"id":398,"href":"https:\/\/www.conferencetelephonique.fr\/blog\/wp-json\/wp\/v2\/posts\/397\/revisions\/398"}],"wp:attachment":[{"href":"https:\/\/www.conferencetelephonique.fr\/blog\/wp-json\/wp\/v2\/media?parent=397"}],"wp:term":[{"taxonomy":"category","embeddable":true,"href":"https:\/\/www.conferencetelephonique.fr\/blog\/wp-json\/wp\/v2\/categories?post=397"},{"taxonomy":"post_tag","embeddable":true,"href":"https:\/\/www.conferencetelephonique.fr\/blog\/wp-json\/wp\/v2\/tags?post=397"}],"curies":[{"name":"wp","href":"https:\/\/api.w.org\/{rel}","templated":true}]}}