{"id":309,"date":"2017-11-22T08:16:29","date_gmt":"2017-11-22T07:16:29","guid":{"rendered":"https:\/\/www.conferencetelephonique.fr\/blog\/?p=309"},"modified":"2021-06-15T09:30:20","modified_gmt":"2021-06-15T07:30:20","slug":"facebook-espionner-utilisateurs","status":"publish","type":"post","link":"https:\/\/www.conferencetelephonique.fr\/blog\/2017\/11\/22\/facebook-espionner-utilisateurs\/","title":{"rendered":"Facebook d\u00e9ment espionner ses utilisateurs avec le micro de leur t\u00e9l\u00e9phone"},"content":{"rendered":"<p><strong>Un repr\u00e9sentant de Facebook a d\u00e9menti cette pratique au coeur de nombreuses sp\u00e9culations ces derni\u00e8res ann\u00e9es.<\/strong><\/p>\n<p>Des v\u00eatements, des chaussures ou des produits \u00e9lectroniques,\u00a0Facebook \u00e9coute-t-il vos conversations afin de cibler ensuite, au mieux, les publicit\u00e9s apparaissant sur votre fil d&rsquo;actualit\u00e9s? La question, qui agite bon nombre d&rsquo;adeptes du c\u00e9l\u00e8bre r\u00e9seau social depuis plusieurs ann\u00e9es, continue d&rsquo;alimenter les conversations.<\/p>\n<p><strong>Le micro des smartphones<\/strong><br \/>\nIl y a quelques jours, l&rsquo;entreprise a formellement d\u00e9menti utiliser le micro des smartphones de ses utilisateurs dans le but de leur proposer des publicit\u00e9s correspondant \u00e0 des marques qu&rsquo;ils auraient mentionn\u00e9 lors d&rsquo;\u00e9changes t\u00e9l\u00e9phoniques. \u00ab\u00a0Nous n&rsquo;utilisons pas &#8211; et n&rsquo;avons jamais utilis\u00e9 &#8211; votre micro pour des publicit\u00e9s\u00a0\u00bb, a tweet\u00e9 Rob Goldman, le vice-pr\u00e9sident en charge de la publicit\u00e9 au sein de Facebook.<\/p>\n<p><strong>Reportage<\/strong><br \/>\nCe n&rsquo;est pas la premi\u00e8re fois que Facebook est accus\u00e9 d&rsquo;\u00e9pier les conversations t\u00e9l\u00e9phoniques de ses utilisateurs. En juin 2016, la firme am\u00e9ricaine avait \u00e9t\u00e9 contrainte de r\u00e9agir \u00e0 la suite d&rsquo;un reportage par la cha\u00eene am\u00e9ricaine New Channel 8.<\/p>\n<blockquote class=\"twitter-tweet\" data-lang=\"nl\">\n<p dir=\"ltr\" lang=\"en\">I run ads product at Facebook. We don&rsquo;t &#8211; and have never &#8211; used your microphone for ads. Just not true.<\/p>\n<p>\u2014 Rob Goldman (@robjective) <a href=\"https:\/\/twitter.com\/robjective\/status\/923620196010434560?ref_src=twsrc%5Etfw\">26 oktober 2017<\/a><\/p><\/blockquote>\n<p><script async src=\"https:\/\/platform.twitter.com\/widgets.js\" charset=\"utf-8\"><\/script><\/p>\n<p><em>Source: <a href=\"https:\/\/lexpansion.lexpress.fr\/high-tech\/facebook-dement-espionner-ses-utilisateurs-grace-au-micro-de-leur-telephone_1956411.html\">L&rsquo;Express<\/a>. Image: 123rf<\/em><\/p>\n","protected":false},"excerpt":{"rendered":"<p>Un repr\u00e9sentant de Facebook a d\u00e9menti cette pratique au coeur de nombreuses sp\u00e9culations ces derni\u00e8res ann\u00e9es. Des v\u00eatements, des chaussures ou des produits \u00e9lectroniques,\u00a0Facebook \u00e9coute-t-il vos conversations afin de cibler&#8230;<\/p>\n<div class=\"more-link-wrapper\"><a class=\"more-link\" href=\"https:\/\/www.conferencetelephonique.fr\/blog\/2017\/11\/22\/facebook-espionner-utilisateurs\/\">Continuer la lecture<span class=\"screen-reader-text\">Facebook d\u00e9ment espionner ses utilisateurs avec le micro de leur t\u00e9l\u00e9phone<\/span><\/a><\/div>\n","protected":false},"author":2,"featured_media":0,"comment_status":"closed","ping_status":"open","sticky":false,"template":"","format":"standard","meta":[],"categories":[20],"tags":[41,18],"yoast_head":"<!-- This site is optimized with the Yoast SEO plugin v16.5 - https:\/\/yoast.com\/wordpress\/plugins\/seo\/ -->\n<title>Facebook d\u00e9ment espionner ses utilisateurs avec le micro du t\u00e9l\u00e9phone<\/title>\n<meta name=\"description\" content=\"Un repr\u00e9sentant de Facebook a d\u00e9menti cette pratique au coeur de nombreuses sp\u00e9culations ces derni\u00e8res ann\u00e9es.\" \/>\n<meta name=\"robots\" content=\"index, follow, max-snippet:-1, max-image-preview:large, max-video-preview:-1\" \/>\n<link rel=\"canonical\" href=\"https:\/\/www.conferencetelephonique.fr\/blog\/2017\/11\/22\/facebook-espionner-utilisateurs\/\" \/>\n<meta property=\"og:locale\" content=\"fr_FR\" \/>\n<meta property=\"og:type\" content=\"article\" \/>\n<meta property=\"og:title\" content=\"Facebook d\u00e9ment espionner ses utilisateurs avec le micro du t\u00e9l\u00e9phone\" \/>\n<meta property=\"og:url\" content=\"https:\/\/www.conferencetelephonique.fr\/blog\/2017\/11\/22\/facebook-espionner-utilisateurs\/\" \/>\n<meta property=\"og:site_name\" content=\"ConferenceTelephonique.fr blog\" \/>\n<meta property=\"article:published_time\" content=\"2017-11-22T07:16:29+00:00\" \/>\n<meta property=\"article:modified_time\" content=\"2021-06-15T07:30:20+00:00\" \/>\n<meta property=\"og:image\" content=\"https:\/\/www.conferencetelephonique.fr\/blog\/wp-content\/uploads\/2017\/11\/Facebook.jpg\" \/>\n\t<meta property=\"og:image:width\" content=\"700\" \/>\n\t<meta property=\"og:image:height\" content=\"420\" \/>\n<meta name=\"twitter:card\" content=\"summary\" \/>\n<meta name=\"twitter:label1\" content=\"Dur\u00e9e de lecture est.\" \/>\n\t<meta name=\"twitter:data1\" content=\"1 minute\" \/>\n<script type=\"application\/ld+json\" class=\"yoast-schema-graph\">{\"@context\":\"https:\/\/schema.org\",\"@graph\":[{\"@type\":\"WebSite\",\"@id\":\"https:\/\/www.conferencetelephonique.fr\/blog\/#website\",\"url\":\"https:\/\/www.conferencetelephonique.fr\/blog\/\",\"name\":\"ConferenceTelephonique.fr blog\",\"description\":\"Conf\\u00e9rence t\\u00e9l\\u00e9phonique simplifi\\u00e9e\",\"potentialAction\":[{\"@type\":\"SearchAction\",\"target\":\"https:\/\/www.conferencetelephonique.fr\/blog\/?s={search_term_string}\",\"query-input\":\"required name=search_term_string\"}],\"inLanguage\":\"fr-FR\"},{\"@type\":\"WebPage\",\"@id\":\"https:\/\/www.conferencetelephonique.fr\/blog\/2017\/11\/22\/facebook-espionner-utilisateurs\/#webpage\",\"url\":\"https:\/\/www.conferencetelephonique.fr\/blog\/2017\/11\/22\/facebook-espionner-utilisateurs\/\",\"name\":\"Facebook d\\u00e9ment espionner ses utilisateurs avec le micro du t\\u00e9l\\u00e9phone\",\"isPartOf\":{\"@id\":\"https:\/\/www.conferencetelephonique.fr\/blog\/#website\"},\"datePublished\":\"2017-11-22T07:16:29+00:00\",\"dateModified\":\"2021-06-15T07:30:20+00:00\",\"author\":{\"@id\":\"https:\/\/www.conferencetelephonique.fr\/blog\/#\/schema\/person\/febac21432531d5243aac6226c82e694\"},\"description\":\"Un repr\\u00e9sentant de Facebook a d\\u00e9menti cette pratique au coeur de nombreuses sp\\u00e9culations ces derni\\u00e8res ann\\u00e9es.\",\"breadcrumb\":{\"@id\":\"https:\/\/www.conferencetelephonique.fr\/blog\/2017\/11\/22\/facebook-espionner-utilisateurs\/#breadcrumb\"},\"inLanguage\":\"fr-FR\",\"potentialAction\":[{\"@type\":\"ReadAction\",\"target\":[\"https:\/\/www.conferencetelephonique.fr\/blog\/2017\/11\/22\/facebook-espionner-utilisateurs\/\"]}]},{\"@type\":\"BreadcrumbList\",\"@id\":\"https:\/\/www.conferencetelephonique.fr\/blog\/2017\/11\/22\/facebook-espionner-utilisateurs\/#breadcrumb\",\"itemListElement\":[{\"@type\":\"ListItem\",\"position\":1,\"name\":\"Home\",\"item\":\"https:\/\/www.conferencetelephonique.fr\/blog\/\"},{\"@type\":\"ListItem\",\"position\":2,\"name\":\"Facebook d\\u00e9ment espionner ses utilisateurs avec le micro de leur t\\u00e9l\\u00e9phone\"}]},{\"@type\":\"Person\",\"@id\":\"https:\/\/www.conferencetelephonique.fr\/blog\/#\/schema\/person\/febac21432531d5243aac6226c82e694\",\"name\":\"Irene de Waal\",\"image\":{\"@type\":\"ImageObject\",\"@id\":\"https:\/\/www.conferencetelephonique.fr\/blog\/#personlogo\",\"inLanguage\":\"fr-FR\",\"url\":\"https:\/\/secure.gravatar.com\/avatar\/665193ce2152bb574b7a702b3b9f2986?s=96&d=mm&r=g\",\"contentUrl\":\"https:\/\/secure.gravatar.com\/avatar\/665193ce2152bb574b7a702b3b9f2986?s=96&d=mm&r=g\",\"caption\":\"Irene de Waal\"},\"url\":\"https:\/\/www.conferencetelephonique.fr\/blog\/author\/irene\/\"}]}<\/script>\n<!-- \/ Yoast SEO plugin. -->","_links":{"self":[{"href":"https:\/\/www.conferencetelephonique.fr\/blog\/wp-json\/wp\/v2\/posts\/309"}],"collection":[{"href":"https:\/\/www.conferencetelephonique.fr\/blog\/wp-json\/wp\/v2\/posts"}],"about":[{"href":"https:\/\/www.conferencetelephonique.fr\/blog\/wp-json\/wp\/v2\/types\/post"}],"author":[{"embeddable":true,"href":"https:\/\/www.conferencetelephonique.fr\/blog\/wp-json\/wp\/v2\/users\/2"}],"replies":[{"embeddable":true,"href":"https:\/\/www.conferencetelephonique.fr\/blog\/wp-json\/wp\/v2\/comments?post=309"}],"version-history":[{"count":2,"href":"https:\/\/www.conferencetelephonique.fr\/blog\/wp-json\/wp\/v2\/posts\/309\/revisions"}],"predecessor-version":[{"id":312,"href":"https:\/\/www.conferencetelephonique.fr\/blog\/wp-json\/wp\/v2\/posts\/309\/revisions\/312"}],"wp:attachment":[{"href":"https:\/\/www.conferencetelephonique.fr\/blog\/wp-json\/wp\/v2\/media?parent=309"}],"wp:term":[{"taxonomy":"category","embeddable":true,"href":"https:\/\/www.conferencetelephonique.fr\/blog\/wp-json\/wp\/v2\/categories?post=309"},{"taxonomy":"post_tag","embeddable":true,"href":"https:\/\/www.conferencetelephonique.fr\/blog\/wp-json\/wp\/v2\/tags?post=309"}],"curies":[{"name":"wp","href":"https:\/\/api.w.org\/{rel}","templated":true}]}}