{"id":207,"date":"2017-09-14T13:08:04","date_gmt":"2017-09-14T11:08:04","guid":{"rendered":"https:\/\/www.conferencetelephonique.fr\/blog\/?p=207"},"modified":"2021-06-15T09:30:22","modified_gmt":"2021-06-15T07:30:22","slug":"gouvernement-encourager-teletravail","status":"publish","type":"post","link":"https:\/\/www.conferencetelephonique.fr\/blog\/2017\/09\/14\/gouvernement-encourager-teletravail\/","title":{"rendered":"Pourquoi le gouvernement fran\u00e7ais veut encourager le t\u00e9l\u00e9travail"},"content":{"rendered":"<p><strong>Les salari\u00e9s en r\u00eavent, leurs patrons en cauchemardent. Parmi les d\u00e9cisions tr\u00e8s attendues au sein des ordonnances, Muriel P\u00e9nicaud a gliss\u00e9 une r\u00e9f\u00e9rence rapide au t\u00e9l\u00e9travail.<\/strong><\/p>\n<p>\u00ab\u00a0Une nouvelle libert\u00e9 pour les salari\u00e9s concerne le t\u00e9l\u00e9travail\u00a0\u00bb, a d\u00e9clar\u00e9 la ministre du Travail en ao\u00fbt. Selon elle, il s&rsquo;agit d&rsquo;une aspiration pour 61% des salari\u00e9s, et d&rsquo;une r\u00e9alit\u00e9 pour 17% d&rsquo;entre eux seulement. Et elle entend encourager cette mani\u00e8re de travailler.<\/p>\n<p><strong>L&rsquo;\u00e9quilibre\u00a0<\/strong><br \/>\nIl faut dire qu&rsquo;elle y voit de nombreuses vertus. Pour l&rsquo;\u00e9quilibre entre vie personnelle et professionnelle, bien s\u00fbr, pour le bien-\u00eatre au travail, mais aussi pour maintenir des salari\u00e9s en zones rurales. Pour l&rsquo;encourager, Muriel P\u00e9nicaud a donc pr\u00e9vu de mieux \u00ab\u00a0s\u00e9curiser\u00a0\u00bb sa mise en place et son fonctionnement au jour le jour.<\/p>\n<p><strong>Popularit\u00e9<\/strong><br \/>\nPour le gouvernement, r\u00e9ussir \u00e0 d\u00e9velopper le t\u00e9l\u00e9travail serait un plus en termes de popularit\u00e9. Appr\u00e9ci\u00e9 par les employ\u00e9s, il est refus\u00e9 par 60% des entreprises, selon une enqu\u00eate r\u00e9alis\u00e9e par TransferWise.<\/p>\n<p><strong>Une r\u00e9forme susceptible<\/strong><br \/>\nEn revanche, pas question pour le gouvernement de passer en force et de l&rsquo;imposer aux entreprises. La raison para\u00eet \u00e9vidente: alors que le gouvernement veut faire de l&rsquo;entreprise le lieu de r\u00e9f\u00e9rence de n\u00e9gociation des accords collectifs, il serait mal vu de mettre en place par le haut une r\u00e9forme susceptible de modifier profond\u00e9ment l&rsquo;organisation du travail des \u00e9quipes.<\/p>\n<blockquote class=\"twitter-tweet\" data-lang=\"nl\">\n<p dir=\"ltr\" lang=\"fr\">\u00ab\u00a0Le t\u00e9l\u00e9travail est une aspiration de 61% des Fran\u00e7ais. C\u2019est un \u00e9l\u00e9ment de bien-\u00eatre au travail. Nous allons le s\u00e9curiser.\u00a0\u00bb <a href=\"https:\/\/twitter.com\/murielpenicaud\">@murielpenicaud<\/a> <a href=\"https:\/\/t.co\/CQVtAhLYiA\">pic.twitter.com\/CQVtAhLYiA<\/a><\/p>\n<p>\u2014 En Marche (@enmarchefr) <a href=\"https:\/\/twitter.com\/enmarchefr\/status\/903219328065183744\">31 augustus 2017<\/a><\/p><\/blockquote>\n<p><script async src=\"\/\/platform.twitter.com\/widgets.js\" charset=\"utf-8\"><\/script><\/p>\n<p><strong>LIRE AUSSI: <a href=\"https:\/\/www.conferencetelephonique.fr\/blog\/2017\/08\/10\/teletravail-ameliore-productivite\/\">Comment le t\u00e9l\u00e9travail am\u00e9liore la productivit\u00e9<\/a><\/strong><\/p>\n<p><em>Source:<a href=\"http:\/\/www.huffingtonpost.fr\/2017\/08\/31\/ordonnances-macron-pourquoi-le-gouvernement-veut-encourager-sans-trop-forcer-le-teletravail_a_23192097\/?utm_hp_ref=fr-teletravail\"> Huffington Post<\/a>. Image: 123RF<\/em><\/p>\n","protected":false},"excerpt":{"rendered":"<p>Les salari\u00e9s en r\u00eavent, leurs patrons en cauchemardent. Parmi les d\u00e9cisions tr\u00e8s attendues au sein des ordonnances, Muriel P\u00e9nicaud a gliss\u00e9 une r\u00e9f\u00e9rence rapide au t\u00e9l\u00e9travail. \u00ab\u00a0Une nouvelle libert\u00e9 pour&#8230;<\/p>\n<div class=\"more-link-wrapper\"><a class=\"more-link\" href=\"https:\/\/www.conferencetelephonique.fr\/blog\/2017\/09\/14\/gouvernement-encourager-teletravail\/\">Continuer la lecture<span class=\"screen-reader-text\">Pourquoi le gouvernement fran\u00e7ais veut encourager le t\u00e9l\u00e9travail<\/span><\/a><\/div>\n","protected":false},"author":2,"featured_media":0,"comment_status":"closed","ping_status":"open","sticky":false,"template":"","format":"standard","meta":[],"categories":[11],"tags":[27,10,12],"yoast_head":"<!-- This site is optimized with the Yoast SEO plugin v16.5 - https:\/\/yoast.com\/wordpress\/plugins\/seo\/ -->\n<title>Pourquoi le gouvernement fran\u00e7ais veut encourager le t\u00e9l\u00e9travail - ConferenceTelephonique.fr blog<\/title>\n<meta name=\"description\" content=\"Les salari\u00e9s en r\u00eavent, les patrons en cauchemardent. Parmi les d\u00e9cisions, Muriel P\u00e9nicaud a gliss\u00e9 une r\u00e9f\u00e9rence rapide au t\u00e9l\u00e9travail.\" \/>\n<meta name=\"robots\" content=\"index, follow, max-snippet:-1, max-image-preview:large, max-video-preview:-1\" \/>\n<link rel=\"canonical\" href=\"https:\/\/www.conferencetelephonique.fr\/blog\/2017\/09\/14\/gouvernement-encourager-teletravail\/\" \/>\n<meta property=\"og:locale\" content=\"fr_FR\" \/>\n<meta property=\"og:type\" content=\"article\" \/>\n<meta property=\"og:title\" content=\"Pourquoi le gouvernement fran\u00e7ais veut encourager le t\u00e9l\u00e9travail - ConferenceTelephonique.fr blog\" \/>\n<meta property=\"og:url\" content=\"https:\/\/www.conferencetelephonique.fr\/blog\/2017\/09\/14\/gouvernement-encourager-teletravail\/\" \/>\n<meta property=\"og:site_name\" content=\"ConferenceTelephonique.fr blog\" \/>\n<meta property=\"article:published_time\" content=\"2017-09-14T11:08:04+00:00\" \/>\n<meta property=\"article:modified_time\" content=\"2021-06-15T07:30:22+00:00\" \/>\n<meta property=\"og:image\" content=\"https:\/\/www.conferencetelephonique.fr\/blog\/wp-content\/uploads\/2017\/08\/17457155_m.jpg\" \/>\n\t<meta property=\"og:image:width\" content=\"848\" \/>\n\t<meta property=\"og:image:height\" content=\"565\" \/>\n<meta name=\"twitter:card\" content=\"summary\" \/>\n<meta name=\"twitter:label1\" content=\"Dur\u00e9e de lecture est.\" \/>\n\t<meta name=\"twitter:data1\" content=\"2 minutes\" \/>\n<script type=\"application\/ld+json\" class=\"yoast-schema-graph\">{\"@context\":\"https:\/\/schema.org\",\"@graph\":[{\"@type\":\"WebSite\",\"@id\":\"https:\/\/www.conferencetelephonique.fr\/blog\/#website\",\"url\":\"https:\/\/www.conferencetelephonique.fr\/blog\/\",\"name\":\"ConferenceTelephonique.fr blog\",\"description\":\"Conf\\u00e9rence t\\u00e9l\\u00e9phonique simplifi\\u00e9e\",\"potentialAction\":[{\"@type\":\"SearchAction\",\"target\":\"https:\/\/www.conferencetelephonique.fr\/blog\/?s={search_term_string}\",\"query-input\":\"required name=search_term_string\"}],\"inLanguage\":\"fr-FR\"},{\"@type\":\"WebPage\",\"@id\":\"https:\/\/www.conferencetelephonique.fr\/blog\/2017\/09\/14\/gouvernement-encourager-teletravail\/#webpage\",\"url\":\"https:\/\/www.conferencetelephonique.fr\/blog\/2017\/09\/14\/gouvernement-encourager-teletravail\/\",\"name\":\"Pourquoi le gouvernement fran\\u00e7ais veut encourager le t\\u00e9l\\u00e9travail - ConferenceTelephonique.fr blog\",\"isPartOf\":{\"@id\":\"https:\/\/www.conferencetelephonique.fr\/blog\/#website\"},\"datePublished\":\"2017-09-14T11:08:04+00:00\",\"dateModified\":\"2021-06-15T07:30:22+00:00\",\"author\":{\"@id\":\"https:\/\/www.conferencetelephonique.fr\/blog\/#\/schema\/person\/febac21432531d5243aac6226c82e694\"},\"description\":\"Les salari\\u00e9s en r\\u00eavent, les patrons en cauchemardent. Parmi les d\\u00e9cisions, Muriel P\\u00e9nicaud a gliss\\u00e9 une r\\u00e9f\\u00e9rence rapide au t\\u00e9l\\u00e9travail.\",\"breadcrumb\":{\"@id\":\"https:\/\/www.conferencetelephonique.fr\/blog\/2017\/09\/14\/gouvernement-encourager-teletravail\/#breadcrumb\"},\"inLanguage\":\"fr-FR\",\"potentialAction\":[{\"@type\":\"ReadAction\",\"target\":[\"https:\/\/www.conferencetelephonique.fr\/blog\/2017\/09\/14\/gouvernement-encourager-teletravail\/\"]}]},{\"@type\":\"BreadcrumbList\",\"@id\":\"https:\/\/www.conferencetelephonique.fr\/blog\/2017\/09\/14\/gouvernement-encourager-teletravail\/#breadcrumb\",\"itemListElement\":[{\"@type\":\"ListItem\",\"position\":1,\"name\":\"Home\",\"item\":\"https:\/\/www.conferencetelephonique.fr\/blog\/\"},{\"@type\":\"ListItem\",\"position\":2,\"name\":\"Pourquoi le gouvernement fran\\u00e7ais veut encourager le t\\u00e9l\\u00e9travail\"}]},{\"@type\":\"Person\",\"@id\":\"https:\/\/www.conferencetelephonique.fr\/blog\/#\/schema\/person\/febac21432531d5243aac6226c82e694\",\"name\":\"Irene de Waal\",\"image\":{\"@type\":\"ImageObject\",\"@id\":\"https:\/\/www.conferencetelephonique.fr\/blog\/#personlogo\",\"inLanguage\":\"fr-FR\",\"url\":\"https:\/\/secure.gravatar.com\/avatar\/665193ce2152bb574b7a702b3b9f2986?s=96&d=mm&r=g\",\"contentUrl\":\"https:\/\/secure.gravatar.com\/avatar\/665193ce2152bb574b7a702b3b9f2986?s=96&d=mm&r=g\",\"caption\":\"Irene de Waal\"},\"url\":\"https:\/\/www.conferencetelephonique.fr\/blog\/author\/irene\/\"}]}<\/script>\n<!-- \/ Yoast SEO plugin. -->","_links":{"self":[{"href":"https:\/\/www.conferencetelephonique.fr\/blog\/wp-json\/wp\/v2\/posts\/207"}],"collection":[{"href":"https:\/\/www.conferencetelephonique.fr\/blog\/wp-json\/wp\/v2\/posts"}],"about":[{"href":"https:\/\/www.conferencetelephonique.fr\/blog\/wp-json\/wp\/v2\/types\/post"}],"author":[{"embeddable":true,"href":"https:\/\/www.conferencetelephonique.fr\/blog\/wp-json\/wp\/v2\/users\/2"}],"replies":[{"embeddable":true,"href":"https:\/\/www.conferencetelephonique.fr\/blog\/wp-json\/wp\/v2\/comments?post=207"}],"version-history":[{"count":1,"href":"https:\/\/www.conferencetelephonique.fr\/blog\/wp-json\/wp\/v2\/posts\/207\/revisions"}],"predecessor-version":[{"id":208,"href":"https:\/\/www.conferencetelephonique.fr\/blog\/wp-json\/wp\/v2\/posts\/207\/revisions\/208"}],"wp:attachment":[{"href":"https:\/\/www.conferencetelephonique.fr\/blog\/wp-json\/wp\/v2\/media?parent=207"}],"wp:term":[{"taxonomy":"category","embeddable":true,"href":"https:\/\/www.conferencetelephonique.fr\/blog\/wp-json\/wp\/v2\/categories?post=207"},{"taxonomy":"post_tag","embeddable":true,"href":"https:\/\/www.conferencetelephonique.fr\/blog\/wp-json\/wp\/v2\/tags?post=207"}],"curies":[{"name":"wp","href":"https:\/\/api.w.org\/{rel}","templated":true}]}}