{"id":177,"date":"2017-08-28T12:10:03","date_gmt":"2017-08-28T10:10:03","guid":{"rendered":"https:\/\/www.conferencetelephonique.fr\/blog\/?p=177"},"modified":"2021-06-15T09:30:22","modified_gmt":"2021-06-15T07:30:22","slug":"personnalite-avancer-carriere","status":"publish","type":"post","link":"https:\/\/www.conferencetelephonique.fr\/blog\/2017\/08\/28\/personnalite-avancer-carriere\/","title":{"rendered":"3 traits de personnalit\u00e9 qui vous feront avancer dans votre carri\u00e8re"},"content":{"rendered":"<p><strong>Vous vous demandez comment gravir les \u00e9chelons dans votre profession? La r\u00e9ponse en 3 traits de caract\u00e8re.<\/strong><\/p>\n<p>Au travail, il n&rsquo;est pas toujours facile de savoir comment se comporter: faut-il faire des heures suppl\u00e9mentaires? Faut-il accepter toutes les t\u00e2ches que l&rsquo;on nous demande de faire? Les r\u00e9ponses sont diverses.<\/p>\n<p><strong>3 traits de personnalit\u00e9<\/strong><br \/>\nLe fondateur d&rsquo;une soci\u00e9t\u00e9 de conseil londonienne, Lynn Scott, a mis les choses au clair <a href=\"https:\/\/www.theguardian.com\/careers\/2017\/jun\/06\/three-personality-traits-hold-back-career\">dans un article<\/a> du <em>Guardian<\/em>. Selon lui (et ses 20 ans d&rsquo;exp\u00e9rience), il y a 3 traits de personnalit\u00e9 sp\u00e9cifiques peuvent booster votre carri\u00e8re. La confiance en soi, la bonne gestion du temps de travail et les comp\u00e9tences sociales sont des caract\u00e9ristiques qui pourraient bien influer sur votre avenir professionnel.<\/p>\n<p><strong>Vos choix<\/strong><br \/>\nD&rsquo;abord, la confiance: \u00eatre s\u00fbre de vos choix n\u2019am\u00e8nera que du positif dans votre carri\u00e8re. Douter de vos comp\u00e9tences ne sert qu&rsquo;\u00e0 vous affaiblir.<\/p>\n<p><strong>To do list<\/strong><br \/>\n\u00catre organis\u00e9e est \u00e9galement important pour r\u00e9ussir. Au travail, le temps doit \u00eatre votre meilleur alli\u00e9.\u00a0Il est important de prioriser vos missions \u00e0 travers une \u00ab\u00a0to do list\u00a0\u00bb. Ensuite, il faut cerner le moment de la journ\u00e9e o\u00f9 vous \u00eates la plus productive (c&rsquo;est souvent le matin) et traiter vos dossiers urgents pendant ce temps.<\/p>\n<p><strong>Rapports humains\u00a0<\/strong><br \/>\nEnfin, vous avez plut\u00f4t int\u00e9r\u00eat \u00e0 \u00eatre sympathique. Introvertie, extravertie : qu&rsquo;importe, du moment que les gens sont \u00e0 l&rsquo;aise avec vous. Plus les rapports humains soient fluides, plus votre voix aura du poids dans l&rsquo;entreprise.<\/p>\n<p><em>Source: <a href=\"http:\/\/www.marieclaire.co.uk\/life\/career-progression-512260\">Marie Claire<\/a>. Image: 123RF<\/em><\/p>\n","protected":false},"excerpt":{"rendered":"<p>Vous vous demandez comment gravir les \u00e9chelons dans votre profession? La r\u00e9ponse en 3 traits de caract\u00e8re. Au travail, il n&rsquo;est pas toujours facile de savoir comment se comporter: faut-il&#8230;<\/p>\n<div class=\"more-link-wrapper\"><a class=\"more-link\" href=\"https:\/\/www.conferencetelephonique.fr\/blog\/2017\/08\/28\/personnalite-avancer-carriere\/\">Continuer la lecture<span class=\"screen-reader-text\">3 traits de personnalit\u00e9 qui vous feront avancer dans votre carri\u00e8re<\/span><\/a><\/div>\n","protected":false},"author":2,"featured_media":0,"comment_status":"closed","ping_status":"open","sticky":false,"template":"","format":"standard","meta":[],"categories":[26],"tags":[22,27,21],"yoast_head":"<!-- This site is optimized with the Yoast SEO plugin v16.5 - https:\/\/yoast.com\/wordpress\/plugins\/seo\/ -->\n<title>3 traits de personnalit\u00e9 qui vous feront avancer dans votre carri\u00e8re<\/title>\n<meta name=\"description\" content=\"Vous vous demandez comment gravir les \u00e9chelons dans votre profession? La r\u00e9ponse en 3 traits de caract\u00e8re de personnalit\u00e9.\" \/>\n<meta name=\"robots\" content=\"index, follow, max-snippet:-1, max-image-preview:large, max-video-preview:-1\" \/>\n<link rel=\"canonical\" href=\"https:\/\/www.conferencetelephonique.fr\/blog\/2017\/08\/28\/personnalite-avancer-carriere\/\" \/>\n<meta property=\"og:locale\" content=\"fr_FR\" \/>\n<meta property=\"og:type\" content=\"article\" \/>\n<meta property=\"og:title\" content=\"3 traits de personnalit\u00e9 qui vous feront avancer dans votre carri\u00e8re\" \/>\n<meta property=\"og:url\" content=\"https:\/\/www.conferencetelephonique.fr\/blog\/2017\/08\/28\/personnalite-avancer-carriere\/\" \/>\n<meta property=\"og:site_name\" content=\"ConferenceTelephonique.fr blog\" \/>\n<meta property=\"article:published_time\" content=\"2017-08-28T10:10:03+00:00\" \/>\n<meta property=\"article:modified_time\" content=\"2021-06-15T07:30:22+00:00\" \/>\n<meta property=\"og:image\" content=\"https:\/\/www.conferencetelephonique.fr\/blog\/wp-content\/uploads\/2017\/06\/55804374_m.jpg\" \/>\n\t<meta property=\"og:image:width\" content=\"848\" \/>\n\t<meta property=\"og:image:height\" content=\"565\" \/>\n<meta name=\"twitter:card\" content=\"summary\" \/>\n<meta name=\"twitter:label1\" content=\"Dur\u00e9e de lecture est.\" \/>\n\t<meta name=\"twitter:data1\" content=\"1 minute\" \/>\n<script type=\"application\/ld+json\" class=\"yoast-schema-graph\">{\"@context\":\"https:\/\/schema.org\",\"@graph\":[{\"@type\":\"WebSite\",\"@id\":\"https:\/\/www.conferencetelephonique.fr\/blog\/#website\",\"url\":\"https:\/\/www.conferencetelephonique.fr\/blog\/\",\"name\":\"ConferenceTelephonique.fr blog\",\"description\":\"Conf\\u00e9rence t\\u00e9l\\u00e9phonique simplifi\\u00e9e\",\"potentialAction\":[{\"@type\":\"SearchAction\",\"target\":\"https:\/\/www.conferencetelephonique.fr\/blog\/?s={search_term_string}\",\"query-input\":\"required name=search_term_string\"}],\"inLanguage\":\"fr-FR\"},{\"@type\":\"WebPage\",\"@id\":\"https:\/\/www.conferencetelephonique.fr\/blog\/2017\/08\/28\/personnalite-avancer-carriere\/#webpage\",\"url\":\"https:\/\/www.conferencetelephonique.fr\/blog\/2017\/08\/28\/personnalite-avancer-carriere\/\",\"name\":\"3 traits de personnalit\\u00e9 qui vous feront avancer dans votre carri\\u00e8re\",\"isPartOf\":{\"@id\":\"https:\/\/www.conferencetelephonique.fr\/blog\/#website\"},\"datePublished\":\"2017-08-28T10:10:03+00:00\",\"dateModified\":\"2021-06-15T07:30:22+00:00\",\"author\":{\"@id\":\"https:\/\/www.conferencetelephonique.fr\/blog\/#\/schema\/person\/febac21432531d5243aac6226c82e694\"},\"description\":\"Vous vous demandez comment gravir les \\u00e9chelons dans votre profession? La r\\u00e9ponse en 3 traits de caract\\u00e8re de personnalit\\u00e9.\",\"breadcrumb\":{\"@id\":\"https:\/\/www.conferencetelephonique.fr\/blog\/2017\/08\/28\/personnalite-avancer-carriere\/#breadcrumb\"},\"inLanguage\":\"fr-FR\",\"potentialAction\":[{\"@type\":\"ReadAction\",\"target\":[\"https:\/\/www.conferencetelephonique.fr\/blog\/2017\/08\/28\/personnalite-avancer-carriere\/\"]}]},{\"@type\":\"BreadcrumbList\",\"@id\":\"https:\/\/www.conferencetelephonique.fr\/blog\/2017\/08\/28\/personnalite-avancer-carriere\/#breadcrumb\",\"itemListElement\":[{\"@type\":\"ListItem\",\"position\":1,\"name\":\"Home\",\"item\":\"https:\/\/www.conferencetelephonique.fr\/blog\/\"},{\"@type\":\"ListItem\",\"position\":2,\"name\":\"3 traits de personnalit\\u00e9 qui vous feront avancer dans votre carri\\u00e8re\"}]},{\"@type\":\"Person\",\"@id\":\"https:\/\/www.conferencetelephonique.fr\/blog\/#\/schema\/person\/febac21432531d5243aac6226c82e694\",\"name\":\"Irene de Waal\",\"image\":{\"@type\":\"ImageObject\",\"@id\":\"https:\/\/www.conferencetelephonique.fr\/blog\/#personlogo\",\"inLanguage\":\"fr-FR\",\"url\":\"https:\/\/secure.gravatar.com\/avatar\/665193ce2152bb574b7a702b3b9f2986?s=96&d=mm&r=g\",\"contentUrl\":\"https:\/\/secure.gravatar.com\/avatar\/665193ce2152bb574b7a702b3b9f2986?s=96&d=mm&r=g\",\"caption\":\"Irene de Waal\"},\"url\":\"https:\/\/www.conferencetelephonique.fr\/blog\/author\/irene\/\"}]}<\/script>\n<!-- \/ Yoast SEO plugin. -->","_links":{"self":[{"href":"https:\/\/www.conferencetelephonique.fr\/blog\/wp-json\/wp\/v2\/posts\/177"}],"collection":[{"href":"https:\/\/www.conferencetelephonique.fr\/blog\/wp-json\/wp\/v2\/posts"}],"about":[{"href":"https:\/\/www.conferencetelephonique.fr\/blog\/wp-json\/wp\/v2\/types\/post"}],"author":[{"embeddable":true,"href":"https:\/\/www.conferencetelephonique.fr\/blog\/wp-json\/wp\/v2\/users\/2"}],"replies":[{"embeddable":true,"href":"https:\/\/www.conferencetelephonique.fr\/blog\/wp-json\/wp\/v2\/comments?post=177"}],"version-history":[{"count":1,"href":"https:\/\/www.conferencetelephonique.fr\/blog\/wp-json\/wp\/v2\/posts\/177\/revisions"}],"predecessor-version":[{"id":178,"href":"https:\/\/www.conferencetelephonique.fr\/blog\/wp-json\/wp\/v2\/posts\/177\/revisions\/178"}],"wp:attachment":[{"href":"https:\/\/www.conferencetelephonique.fr\/blog\/wp-json\/wp\/v2\/media?parent=177"}],"wp:term":[{"taxonomy":"category","embeddable":true,"href":"https:\/\/www.conferencetelephonique.fr\/blog\/wp-json\/wp\/v2\/categories?post=177"},{"taxonomy":"post_tag","embeddable":true,"href":"https:\/\/www.conferencetelephonique.fr\/blog\/wp-json\/wp\/v2\/tags?post=177"}],"curies":[{"name":"wp","href":"https:\/\/api.w.org\/{rel}","templated":true}]}}