{"id":161,"date":"2017-08-14T16:02:40","date_gmt":"2017-08-14T14:02:40","guid":{"rendered":"https:\/\/www.conferencetelephonique.fr\/blog\/?p=161"},"modified":"2021-06-15T09:30:23","modified_gmt":"2021-06-15T07:30:23","slug":"entrepreneurs-conges-ete","status":"publish","type":"post","link":"https:\/\/www.conferencetelephonique.fr\/blog\/2017\/08\/14\/entrepreneurs-conges-ete\/","title":{"rendered":"40% des entrepreneurs ne prendront que 8 jours de vacances cet \u00e9t\u00e9"},"content":{"rendered":"<h2 class=\"chapo title_gamma\">Selon une \u00e9tude publi\u00e9e en 2 ao\u00fbt, beaucoup d&rsquo;entrepreneurs ne\u00a0partiront pas cet \u00e9t\u00e9. Les raisons sont diverses: la perte de revenus, organisation, stress.<\/h2>\n<p>Les entrepreneurs se privent-ils de vacances? Ils semblent en tout cas r\u00e9ticents \u00e0 s&rsquo;absenter, montrent les r\u00e9sultats d&rsquo;une \u00e9tude publi\u00e9e ce mercredi 2 ao\u00fbt*.<\/p>\n<p><strong>8 jours<\/strong><br \/>\n40% des entrepreneurs interrog\u00e9s assurent qu&rsquo;ils ne prendront que 8 jours de vacances cet \u00e9t\u00e9 quand 12% d&rsquo;entre eux affirme qu&rsquo;ils ne prendront aucun jour de cong\u00e9s. Ils auraient pourtant bien besoin de souffler un peu. L&rsquo;\u00e9tude r\u00e9v\u00e8le qu&rsquo;ils sont 80% \u00e0 se sentir plus \u00e9nergiques, plus d\u00e9tendus (72%) et plus productifs (68%) au retour de leurs vacances.<\/p>\n<p>Plus de la moiti\u00e9 des entrepreneurs interrog\u00e9s admet que 15 jours de vacances reste la dur\u00e9e id\u00e9ale pour recharger les batteries, selon les psychologues. De l\u00e0 \u00e0 franchir le pas.<\/p>\n<p><strong>Ils n&rsquo;osent pas partir<\/strong><br \/>\nL&rsquo;\u00e9tude souligne des disparit\u00e9s r\u00e9gionales. Les entrepreneurs parisiens prennent davantage de vacances que les autres: 45% d&rsquo;entre eux comptent prendre 15 jours de cong\u00e9s cet \u00e9t\u00e9. En 2016, ils s&rsquo;\u00e9taient octroy\u00e9s 10 jours off contre 9 pour les entrepreneurs du reste de la France. L&rsquo;\u00e9tude met en avant une diff\u00e9rence d&rsquo;approche psychologique: 22% des entrepreneurs parisiens (seulement) culpabilisent \u00e0 l&rsquo;id\u00e9e de s&rsquo;absenter, quand ceux install\u00e9s dans le Nord-Est de la France sont plus de 40%. \u00a0<strong>\u00a0<\/strong><\/p>\n<p><strong>Raisons\u00a0<\/strong><br \/>\nPlus globalement, ce qui retient les patrons au bureau varient selon les sond\u00e9s. Il y a d&rsquo;abord des raisons financi\u00e8res. Plus de 50% d&rsquo;entre eux redoutent une baisse de revenus s&rsquo;ils d\u00e9laissent de leur entreprise. L&rsquo;autre raison, c&rsquo;est celle de l&rsquo;organisation. 43% estiment que leur absence serait pr\u00e9judiciable au bon fonctionnement de leur petite entreprise. Ils refusent de s&rsquo;\u00e9loigner, de crainte de devoir g\u00e9rer les urgences \u00e0 distance.<\/p>\n<p>Une question de maturit\u00e9? Plus le chef d&rsquo;entreprise avance en \u00e2ge et plus il semble pr\u00eat \u00e0 l\u00e2cher prise sur cette question. Ainsi 75% des entrepreneurs de moins de 30 ans redoutent ces probl\u00e8mes, quand ceux de plus de 55 ans sont seulement 28%.<\/p>\n<p><strong>Renouer avec leurs proches<\/strong><br \/>\nLa p\u00e9riode des vacances pourrait aider les entrepreneurs \u00e0 renouer avec leurs proches. 60% des sond\u00e9s confient ainsi que leur vie de famille ou de couple se porte mieux apr\u00e8s&#8230;<\/p>\n<p><em>*\u00c9tude men\u00e9e aupr\u00e8s de 500 dirigeants de petites entreprises pour le compte du site de cr\u00e9ation en ligne Vistaprint.\u00a0<\/em><\/p>\n<p>&nbsp;<\/p>\n<p><em>Source: <a href=\"http:\/\/lentreprise.lexpress.fr\/rh-management\/efficacite-personnelle\/40-des-entrepreneurs-ne-prendront-que-huit-jours-de-conges-cet-ete_1931964.html\">l&rsquo;Express<\/a>. Image: 123RF<\/em><\/p>\n","protected":false},"excerpt":{"rendered":"<p>Selon une \u00e9tude publi\u00e9e en 2 ao\u00fbt, beaucoup d&rsquo;entrepreneurs ne\u00a0partiront pas cet \u00e9t\u00e9. Les raisons sont diverses: la perte de revenus, organisation, stress. Les entrepreneurs se privent-ils de vacances? Ils&#8230;<\/p>\n<div class=\"more-link-wrapper\"><a class=\"more-link\" href=\"https:\/\/www.conferencetelephonique.fr\/blog\/2017\/08\/14\/entrepreneurs-conges-ete\/\">Continuer la lecture<span class=\"screen-reader-text\">40% des entrepreneurs ne prendront que 8 jours de vacances cet \u00e9t\u00e9<\/span><\/a><\/div>\n","protected":false},"author":2,"featured_media":0,"comment_status":"closed","ping_status":"open","sticky":false,"template":"","format":"standard","meta":[],"categories":[20,11],"tags":[24,10,18,23],"yoast_head":"<!-- This site is optimized with the Yoast SEO plugin v16.5 - https:\/\/yoast.com\/wordpress\/plugins\/seo\/ -->\n<title>40% des entrepreneurs ne prendront que 8 jours de vacances cet \u00e9t\u00e9 - ConferenceTelephonique.fr blog<\/title>\n<meta name=\"description\" content=\"Selon une \u00e9tude publi\u00e9e en 2 ao\u00fbt, beaucoup d&#039;entrepreneurs ne\u00a0partiront pas cet \u00e9t\u00e9. Les raisons sont diverses: la perte de revenus, organisation, stress.\" \/>\n<meta name=\"robots\" content=\"index, follow, max-snippet:-1, max-image-preview:large, max-video-preview:-1\" \/>\n<link rel=\"canonical\" href=\"https:\/\/www.conferencetelephonique.fr\/blog\/2017\/08\/14\/entrepreneurs-conges-ete\/\" \/>\n<meta property=\"og:locale\" content=\"fr_FR\" \/>\n<meta property=\"og:type\" content=\"article\" \/>\n<meta property=\"og:title\" content=\"40% des entrepreneurs ne prendront que 8 jours de vacances cet \u00e9t\u00e9 - ConferenceTelephonique.fr blog\" \/>\n<meta property=\"og:url\" content=\"https:\/\/www.conferencetelephonique.fr\/blog\/2017\/08\/14\/entrepreneurs-conges-ete\/\" \/>\n<meta property=\"og:site_name\" content=\"ConferenceTelephonique.fr blog\" \/>\n<meta property=\"article:published_time\" content=\"2017-08-14T14:02:40+00:00\" \/>\n<meta property=\"article:modified_time\" content=\"2021-06-15T07:30:23+00:00\" \/>\n<meta property=\"og:image\" content=\"https:\/\/www.conferencetelephonique.fr\/blog\/wp-content\/uploads\/2017\/08\/18094691_m.jpg\" \/>\n\t<meta property=\"og:image:width\" content=\"904\" \/>\n\t<meta property=\"og:image:height\" content=\"530\" \/>\n<meta name=\"twitter:card\" content=\"summary\" \/>\n<meta name=\"twitter:label1\" content=\"Dur\u00e9e de lecture est.\" \/>\n\t<meta name=\"twitter:data1\" content=\"2 minutes\" \/>\n<script type=\"application\/ld+json\" class=\"yoast-schema-graph\">{\"@context\":\"https:\/\/schema.org\",\"@graph\":[{\"@type\":\"WebSite\",\"@id\":\"https:\/\/www.conferencetelephonique.fr\/blog\/#website\",\"url\":\"https:\/\/www.conferencetelephonique.fr\/blog\/\",\"name\":\"ConferenceTelephonique.fr blog\",\"description\":\"Conf\\u00e9rence t\\u00e9l\\u00e9phonique simplifi\\u00e9e\",\"potentialAction\":[{\"@type\":\"SearchAction\",\"target\":\"https:\/\/www.conferencetelephonique.fr\/blog\/?s={search_term_string}\",\"query-input\":\"required name=search_term_string\"}],\"inLanguage\":\"fr-FR\"},{\"@type\":\"WebPage\",\"@id\":\"https:\/\/www.conferencetelephonique.fr\/blog\/2017\/08\/14\/entrepreneurs-conges-ete\/#webpage\",\"url\":\"https:\/\/www.conferencetelephonique.fr\/blog\/2017\/08\/14\/entrepreneurs-conges-ete\/\",\"name\":\"40% des entrepreneurs ne prendront que 8 jours de vacances cet \\u00e9t\\u00e9 - ConferenceTelephonique.fr blog\",\"isPartOf\":{\"@id\":\"https:\/\/www.conferencetelephonique.fr\/blog\/#website\"},\"datePublished\":\"2017-08-14T14:02:40+00:00\",\"dateModified\":\"2021-06-15T07:30:23+00:00\",\"author\":{\"@id\":\"https:\/\/www.conferencetelephonique.fr\/blog\/#\/schema\/person\/febac21432531d5243aac6226c82e694\"},\"description\":\"Selon une \\u00e9tude publi\\u00e9e en 2 ao\\u00fbt, beaucoup d'entrepreneurs ne\\u00a0partiront pas cet \\u00e9t\\u00e9. Les raisons sont diverses: la perte de revenus, organisation, stress.\",\"breadcrumb\":{\"@id\":\"https:\/\/www.conferencetelephonique.fr\/blog\/2017\/08\/14\/entrepreneurs-conges-ete\/#breadcrumb\"},\"inLanguage\":\"fr-FR\",\"potentialAction\":[{\"@type\":\"ReadAction\",\"target\":[\"https:\/\/www.conferencetelephonique.fr\/blog\/2017\/08\/14\/entrepreneurs-conges-ete\/\"]}]},{\"@type\":\"BreadcrumbList\",\"@id\":\"https:\/\/www.conferencetelephonique.fr\/blog\/2017\/08\/14\/entrepreneurs-conges-ete\/#breadcrumb\",\"itemListElement\":[{\"@type\":\"ListItem\",\"position\":1,\"name\":\"Home\",\"item\":\"https:\/\/www.conferencetelephonique.fr\/blog\/\"},{\"@type\":\"ListItem\",\"position\":2,\"name\":\"40% des entrepreneurs ne prendront que 8 jours de vacances cet \\u00e9t\\u00e9\"}]},{\"@type\":\"Person\",\"@id\":\"https:\/\/www.conferencetelephonique.fr\/blog\/#\/schema\/person\/febac21432531d5243aac6226c82e694\",\"name\":\"Irene de Waal\",\"image\":{\"@type\":\"ImageObject\",\"@id\":\"https:\/\/www.conferencetelephonique.fr\/blog\/#personlogo\",\"inLanguage\":\"fr-FR\",\"url\":\"https:\/\/secure.gravatar.com\/avatar\/665193ce2152bb574b7a702b3b9f2986?s=96&d=mm&r=g\",\"contentUrl\":\"https:\/\/secure.gravatar.com\/avatar\/665193ce2152bb574b7a702b3b9f2986?s=96&d=mm&r=g\",\"caption\":\"Irene de Waal\"},\"url\":\"https:\/\/www.conferencetelephonique.fr\/blog\/author\/irene\/\"}]}<\/script>\n<!-- \/ Yoast SEO plugin. -->","_links":{"self":[{"href":"https:\/\/www.conferencetelephonique.fr\/blog\/wp-json\/wp\/v2\/posts\/161"}],"collection":[{"href":"https:\/\/www.conferencetelephonique.fr\/blog\/wp-json\/wp\/v2\/posts"}],"about":[{"href":"https:\/\/www.conferencetelephonique.fr\/blog\/wp-json\/wp\/v2\/types\/post"}],"author":[{"embeddable":true,"href":"https:\/\/www.conferencetelephonique.fr\/blog\/wp-json\/wp\/v2\/users\/2"}],"replies":[{"embeddable":true,"href":"https:\/\/www.conferencetelephonique.fr\/blog\/wp-json\/wp\/v2\/comments?post=161"}],"version-history":[{"count":3,"href":"https:\/\/www.conferencetelephonique.fr\/blog\/wp-json\/wp\/v2\/posts\/161\/revisions"}],"predecessor-version":[{"id":165,"href":"https:\/\/www.conferencetelephonique.fr\/blog\/wp-json\/wp\/v2\/posts\/161\/revisions\/165"}],"wp:attachment":[{"href":"https:\/\/www.conferencetelephonique.fr\/blog\/wp-json\/wp\/v2\/media?parent=161"}],"wp:term":[{"taxonomy":"category","embeddable":true,"href":"https:\/\/www.conferencetelephonique.fr\/blog\/wp-json\/wp\/v2\/categories?post=161"},{"taxonomy":"post_tag","embeddable":true,"href":"https:\/\/www.conferencetelephonique.fr\/blog\/wp-json\/wp\/v2\/tags?post=161"}],"curies":[{"name":"wp","href":"https:\/\/api.w.org\/{rel}","templated":true}]}}