{"id":1466,"date":"2021-03-09T14:07:49","date_gmt":"2021-03-09T13:07:49","guid":{"rendered":"https:\/\/www.conferencetelephonique.fr\/blog\/?p=1466"},"modified":"2021-06-15T09:29:58","modified_gmt":"2021-06-15T07:29:58","slug":"salaries-nombre-pas-augmente","status":"publish","type":"post","link":"https:\/\/www.conferencetelephonique.fr\/blog\/2021\/03\/09\/salaries-nombre-pas-augmente\/","title":{"rendered":"Le nombre de salari\u00e9s en t\u00e9l\u00e9travail n&rsquo;a pas augment\u00e9 pendant l&rsquo;an pass\u00e9"},"content":{"rendered":"\n<p><strong>Pour une majorit\u00e9 de salari\u00e9s et de dirigeants d\u2019entreprise, la semaine id\u00e9ale devrait compter \u201cun \u00e0 trois jours de t\u00e9l\u00e9travail\u201d, selon <\/strong><a href=\"https:\/\/www.huffingtonpost.fr\/entry\/jours-teletravail-a-plus-que-double-par-rapport-a-lavant-pandemie_fr_60223194c5b6173dd2f9106b\"><em><strong>Le HuffPost<\/strong><\/em><\/a><strong>.<\/strong><\/p>\n\n\n\n<p>&lsquo;Pr\u00e8s d\u2019un tiers des salari\u00e9s du secteur priv\u00e9 (31%) pratiquaient le t\u00e9l\u00e9travail \u00e0 temps complet ou partiel en d\u00e9cembre, avec une moyenne de 3,6 jours t\u00e9l\u00e9travaill\u00e9s par semaine, plus que doubl\u00e9e en un an, selon une enqu\u00eate publi\u00e9e en f\u00e9vrier 2021.&rsquo;<\/p>\n\n\n\n<p><strong>Nombre doubl\u00e9<\/strong><br>La part de salari\u00e9s du priv\u00e9 adeptes du t\u00e9l\u00e9travail fin 2020 s\u2019affiche ainsi stable par rapport \u00e0 l\u2019avant-pand\u00e9mie de Covid-19. Pourtant, le nombre de jours t\u00e9l\u00e9travaill\u00e9s \u00e0 la maison a plus que doubl\u00e9, passant d\u2019une moyenne de 1,6 jour en t\u00e9l\u00e9travail fin 2019 \u00e0 une moyenne hebdomadaire \u201d\u00e9lev\u00e9e\u201d de 3,6 jours fin 2020.<\/p>\n\n\n\n<p><strong>La semaine id\u00e9ale<\/strong><br>On se sent assez bien avec ce mode de travail, car la satisfaction \u00e0 l\u2019\u00e9gard de ce mode de travail \u201ca baiss\u00e9, mais demeure \u00e9lev\u00e9e\u201d. Selon l&rsquo;\u00e9tude, la semaine id\u00e9ale devrait compter \u201cun \u00e0 trois jours de t\u00e9l\u00e9travail\u201d pour 56% des salari\u00e9s.<\/p>\n\n\n\n<p><em>Source: <\/em><a href=\"https:\/\/www.huffingtonpost.fr\/entry\/jours-teletravail-a-plus-que-double-par-rapport-a-lavant-pandemie_fr_60223194c5b6173dd2f9106b\"><em>Le HuffPost<\/em><\/a><\/p>\n","protected":false},"excerpt":{"rendered":"<p>Pour une majorit\u00e9 de salari\u00e9s et de dirigeants d\u2019entreprise, la semaine id\u00e9ale devrait compter \u201cun \u00e0 trois jours de t\u00e9l\u00e9travail\u201d, selon Le HuffPost. &lsquo;Pr\u00e8s d\u2019un tiers des salari\u00e9s du secteur&#8230;<\/p>\n<div class=\"more-link-wrapper\"><a class=\"more-link\" href=\"https:\/\/www.conferencetelephonique.fr\/blog\/2021\/03\/09\/salaries-nombre-pas-augmente\/\">Continuer la lecture<span class=\"screen-reader-text\">Le nombre de salari\u00e9s en t\u00e9l\u00e9travail n&rsquo;a pas augment\u00e9 pendant l&rsquo;an pass\u00e9<\/span><\/a><\/div>\n","protected":false},"author":2,"featured_media":0,"comment_status":"closed","ping_status":"open","sticky":false,"template":"","format":"standard","meta":[],"categories":[11],"tags":[10,17,9],"yoast_head":"<!-- This site is optimized with the Yoast SEO plugin v16.5 - https:\/\/yoast.com\/wordpress\/plugins\/seo\/ -->\n<title>Le nombre de salari\u00e9s en t\u00e9l\u00e9travail n&#039;a pas augment\u00e9 pendant l&#039;an pass\u00e9<\/title>\n<meta name=\"description\" content=\"Pour une majorit\u00e9 de salari\u00e9s et de dirigeants d\u2019entreprise, la semaine id\u00e9ale devrait compter \u201cun \u00e0 trois jours de t\u00e9l\u00e9travail\u201d.\" \/>\n<meta name=\"robots\" content=\"index, follow, max-snippet:-1, max-image-preview:large, max-video-preview:-1\" \/>\n<link rel=\"canonical\" href=\"https:\/\/www.conferencetelephonique.fr\/blog\/2021\/03\/09\/salaries-nombre-pas-augmente\/\" \/>\n<meta property=\"og:locale\" content=\"fr_FR\" \/>\n<meta property=\"og:type\" content=\"article\" \/>\n<meta property=\"og:title\" content=\"Le nombre de salari\u00e9s en t\u00e9l\u00e9travail n&#039;a pas augment\u00e9 pendant l&#039;an pass\u00e9\" \/>\n<meta property=\"og:url\" content=\"https:\/\/www.conferencetelephonique.fr\/blog\/2021\/03\/09\/salaries-nombre-pas-augmente\/\" \/>\n<meta property=\"og:site_name\" content=\"ConferenceTelephonique.fr blog\" \/>\n<meta property=\"article:published_time\" content=\"2021-03-09T13:07:49+00:00\" \/>\n<meta property=\"article:modified_time\" content=\"2021-06-15T07:29:58+00:00\" \/>\n<meta property=\"og:image\" content=\"https:\/\/www.conferencetelephonique.fr\/blog\/wp-content\/uploads\/2019\/04\/lire.png\" \/>\n\t<meta property=\"og:image:width\" content=\"792\" \/>\n\t<meta property=\"og:image:height\" content=\"428\" \/>\n<meta name=\"twitter:card\" content=\"summary\" \/>\n<meta name=\"twitter:label1\" content=\"Dur\u00e9e de lecture est.\" \/>\n\t<meta name=\"twitter:data1\" content=\"1 minute\" \/>\n<script type=\"application\/ld+json\" class=\"yoast-schema-graph\">{\"@context\":\"https:\/\/schema.org\",\"@graph\":[{\"@type\":\"WebSite\",\"@id\":\"https:\/\/www.conferencetelephonique.fr\/blog\/#website\",\"url\":\"https:\/\/www.conferencetelephonique.fr\/blog\/\",\"name\":\"ConferenceTelephonique.fr blog\",\"description\":\"Conf\\u00e9rence t\\u00e9l\\u00e9phonique simplifi\\u00e9e\",\"potentialAction\":[{\"@type\":\"SearchAction\",\"target\":\"https:\/\/www.conferencetelephonique.fr\/blog\/?s={search_term_string}\",\"query-input\":\"required name=search_term_string\"}],\"inLanguage\":\"fr-FR\"},{\"@type\":\"WebPage\",\"@id\":\"https:\/\/www.conferencetelephonique.fr\/blog\/2021\/03\/09\/salaries-nombre-pas-augmente\/#webpage\",\"url\":\"https:\/\/www.conferencetelephonique.fr\/blog\/2021\/03\/09\/salaries-nombre-pas-augmente\/\",\"name\":\"Le nombre de salari\\u00e9s en t\\u00e9l\\u00e9travail n'a pas augment\\u00e9 pendant l'an pass\\u00e9\",\"isPartOf\":{\"@id\":\"https:\/\/www.conferencetelephonique.fr\/blog\/#website\"},\"datePublished\":\"2021-03-09T13:07:49+00:00\",\"dateModified\":\"2021-06-15T07:29:58+00:00\",\"author\":{\"@id\":\"https:\/\/www.conferencetelephonique.fr\/blog\/#\/schema\/person\/febac21432531d5243aac6226c82e694\"},\"description\":\"Pour une majorit\\u00e9 de salari\\u00e9s et de dirigeants d\\u2019entreprise, la semaine id\\u00e9ale devrait compter \\u201cun \\u00e0 trois jours de t\\u00e9l\\u00e9travail\\u201d.\",\"breadcrumb\":{\"@id\":\"https:\/\/www.conferencetelephonique.fr\/blog\/2021\/03\/09\/salaries-nombre-pas-augmente\/#breadcrumb\"},\"inLanguage\":\"fr-FR\",\"potentialAction\":[{\"@type\":\"ReadAction\",\"target\":[\"https:\/\/www.conferencetelephonique.fr\/blog\/2021\/03\/09\/salaries-nombre-pas-augmente\/\"]}]},{\"@type\":\"BreadcrumbList\",\"@id\":\"https:\/\/www.conferencetelephonique.fr\/blog\/2021\/03\/09\/salaries-nombre-pas-augmente\/#breadcrumb\",\"itemListElement\":[{\"@type\":\"ListItem\",\"position\":1,\"name\":\"Home\",\"item\":\"https:\/\/www.conferencetelephonique.fr\/blog\/\"},{\"@type\":\"ListItem\",\"position\":2,\"name\":\"Le nombre de salari\\u00e9s en t\\u00e9l\\u00e9travail n&rsquo;a pas augment\\u00e9 pendant l&rsquo;an pass\\u00e9\"}]},{\"@type\":\"Person\",\"@id\":\"https:\/\/www.conferencetelephonique.fr\/blog\/#\/schema\/person\/febac21432531d5243aac6226c82e694\",\"name\":\"Irene de Waal\",\"image\":{\"@type\":\"ImageObject\",\"@id\":\"https:\/\/www.conferencetelephonique.fr\/blog\/#personlogo\",\"inLanguage\":\"fr-FR\",\"url\":\"https:\/\/secure.gravatar.com\/avatar\/665193ce2152bb574b7a702b3b9f2986?s=96&d=mm&r=g\",\"contentUrl\":\"https:\/\/secure.gravatar.com\/avatar\/665193ce2152bb574b7a702b3b9f2986?s=96&d=mm&r=g\",\"caption\":\"Irene de Waal\"},\"url\":\"https:\/\/www.conferencetelephonique.fr\/blog\/author\/irene\/\"}]}<\/script>\n<!-- \/ Yoast SEO plugin. -->","_links":{"self":[{"href":"https:\/\/www.conferencetelephonique.fr\/blog\/wp-json\/wp\/v2\/posts\/1466"}],"collection":[{"href":"https:\/\/www.conferencetelephonique.fr\/blog\/wp-json\/wp\/v2\/posts"}],"about":[{"href":"https:\/\/www.conferencetelephonique.fr\/blog\/wp-json\/wp\/v2\/types\/post"}],"author":[{"embeddable":true,"href":"https:\/\/www.conferencetelephonique.fr\/blog\/wp-json\/wp\/v2\/users\/2"}],"replies":[{"embeddable":true,"href":"https:\/\/www.conferencetelephonique.fr\/blog\/wp-json\/wp\/v2\/comments?post=1466"}],"version-history":[{"count":1,"href":"https:\/\/www.conferencetelephonique.fr\/blog\/wp-json\/wp\/v2\/posts\/1466\/revisions"}],"predecessor-version":[{"id":1467,"href":"https:\/\/www.conferencetelephonique.fr\/blog\/wp-json\/wp\/v2\/posts\/1466\/revisions\/1467"}],"wp:attachment":[{"href":"https:\/\/www.conferencetelephonique.fr\/blog\/wp-json\/wp\/v2\/media?parent=1466"}],"wp:term":[{"taxonomy":"category","embeddable":true,"href":"https:\/\/www.conferencetelephonique.fr\/blog\/wp-json\/wp\/v2\/categories?post=1466"},{"taxonomy":"post_tag","embeddable":true,"href":"https:\/\/www.conferencetelephonique.fr\/blog\/wp-json\/wp\/v2\/tags?post=1466"}],"curies":[{"name":"wp","href":"https:\/\/api.w.org\/{rel}","templated":true}]}}