{"id":1455,"date":"2021-02-09T20:57:33","date_gmt":"2021-02-09T19:57:33","guid":{"rendered":"https:\/\/www.conferencetelephonique.fr\/blog\/?p=1455"},"modified":"2021-06-15T09:29:58","modified_gmt":"2021-06-15T07:29:58","slug":"deux-jours-teletravail-par-semaine","status":"publish","type":"post","link":"https:\/\/www.conferencetelephonique.fr\/blog\/2021\/02\/09\/deux-jours-teletravail-par-semaine\/","title":{"rendered":"Les Franciliens veulent deux jours de t\u00e9l\u00e9travail par semaine"},"content":{"rendered":"\n<p><strong>Le confinement et la crise du coronavirus ont-ils eu un effet sur la volont\u00e9 des Franciliens de t\u00e9l\u00e9travailler? <\/strong><\/p>\n\n\n\n<p>L\u2019Ifop a men\u00e9 une enqu\u00eate sous 3.000 salari\u00e9s travaillant dans un bureau, \u00e0 Paris et premi\u00e8re couronne, sur la volont\u00e9 de travailler \u00e0 la maison.<\/p>\n\n\n\n<h4>Avant le premier confinement<br><\/h4>\n\n\n\n<p>Avant le premier confinement, le t\u00e9l\u00e9travail \u00e9tait d\u00e9j\u00e0 une demande largement formul\u00e9e. \u201cEn septembre, 86 % des salari\u00e9s souhaitaient dans l\u2019id\u00e9al t\u00e9l\u00e9travailler au moins un jour par semaine. Un chiffre identique \u00e0 celui de f\u00e9vrier, avant le confinement du printemps\u201d, est-il expliqu\u00e9 dans le communiqu\u00e9 dans un communiqu\u00e9 de presse.<\/p>\n\n\n\n<h4>2,1 jours par semaine<\/h4>\n\n\n\n<p>Aujourd&rsquo;hui, le nombre id\u00e9al de journ\u00e9es t\u00e9l\u00e9travaill\u00e9es a augment\u00e9. Avant le confinement la moyenne \u00e9tait de 1,4 jour mais depuis, elle est pass\u00e9e \u00e0 2,1 jours par semaine.<\/p>\n\n\n\n<h4>Le r\u00f4le social du bureau<br><\/h4>\n\n\n\n<p>Pourtant, la volont\u00e9 d\u2019aller au bureau reste bien pr\u00e9sente. Ainsi 63 % des salari\u00e9s souhaitent se rendre la majorit\u00e9 de leur temps au bureau pour travailler. Le bureau a un r\u00f4le social. \u201cOn vient d\u2019abord et avant tout pour voir ses coll\u00e8gues\u201d. Pour 55 % des salarie\u0301s la vie sociale avec les colle\u0300gues est ainsi la premi\u00e8re raison de venir au bureau.<\/p>\n\n\n\n<p><em>Source: <\/em><a rel=\"noreferrer noopener\" aria-label=\"HuffPost (s\u2019ouvre dans un nouvel onglet)\" href=\"https:\/\/www.huffingtonpost.fr\/entry\/les-francais-veulent-deux-jours-de-teletravail-par-semaine_fr_5fc8ae06c5b6933ec7dcab48?utm_hp_ref=fr-vie-de-bureau\" target=\"_blank\"><em>HuffPost<\/em><\/a><\/p>\n","protected":false},"excerpt":{"rendered":"<p>Le confinement et la crise du coronavirus ont-ils eu un effet sur la volont\u00e9 des Franciliens de t\u00e9l\u00e9travailler? L\u2019Ifop a men\u00e9 une enqu\u00eate sous 3.000 salari\u00e9s travaillant dans un bureau,&#8230;<\/p>\n<div class=\"more-link-wrapper\"><a class=\"more-link\" href=\"https:\/\/www.conferencetelephonique.fr\/blog\/2021\/02\/09\/deux-jours-teletravail-par-semaine\/\">Continuer la lecture<span class=\"screen-reader-text\">Les Franciliens veulent deux jours de t\u00e9l\u00e9travail par semaine<\/span><\/a><\/div>\n","protected":false},"author":2,"featured_media":0,"comment_status":"closed","ping_status":"open","sticky":false,"template":"","format":"standard","meta":[],"categories":[11],"tags":[57,10],"yoast_head":"<!-- This site is optimized with the Yoast SEO plugin v16.5 - https:\/\/yoast.com\/wordpress\/plugins\/seo\/ -->\n<title>Les Franciliens veulent deux jours de t\u00e9l\u00e9travail par semaine<\/title>\n<meta name=\"description\" content=\"L\u2019Ifop a men\u00e9 une enqu\u00eate sous 3000 salari\u00e9s travaillant dans un bureau, \u00e0 Paris et premi\u00e8re couronne, sur la volont\u00e9 de t\u00e9l\u00e9travailler.\" \/>\n<meta name=\"robots\" content=\"index, follow, max-snippet:-1, max-image-preview:large, max-video-preview:-1\" \/>\n<link rel=\"canonical\" href=\"https:\/\/www.conferencetelephonique.fr\/blog\/2021\/02\/09\/deux-jours-teletravail-par-semaine\/\" \/>\n<meta property=\"og:locale\" content=\"fr_FR\" \/>\n<meta property=\"og:type\" content=\"article\" \/>\n<meta property=\"og:title\" content=\"Les Franciliens veulent deux jours de t\u00e9l\u00e9travail par semaine\" \/>\n<meta property=\"og:url\" content=\"https:\/\/www.conferencetelephonique.fr\/blog\/2021\/02\/09\/deux-jours-teletravail-par-semaine\/\" \/>\n<meta property=\"og:site_name\" content=\"ConferenceTelephonique.fr blog\" \/>\n<meta property=\"article:published_time\" content=\"2021-02-09T19:57:33+00:00\" \/>\n<meta property=\"article:modified_time\" content=\"2021-06-15T07:29:58+00:00\" \/>\n<meta property=\"og:image\" content=\"https:\/\/www.conferencetelephonique.fr\/blog\/wp-content\/uploads\/2018\/09\/solution-absence.png\" \/>\n\t<meta property=\"og:image:width\" content=\"817\" \/>\n\t<meta property=\"og:image:height\" content=\"417\" \/>\n<meta name=\"twitter:card\" content=\"summary\" \/>\n<meta name=\"twitter:label1\" content=\"Dur\u00e9e de lecture est.\" \/>\n\t<meta name=\"twitter:data1\" content=\"1 minute\" \/>\n<script type=\"application\/ld+json\" class=\"yoast-schema-graph\">{\"@context\":\"https:\/\/schema.org\",\"@graph\":[{\"@type\":\"WebSite\",\"@id\":\"https:\/\/www.conferencetelephonique.fr\/blog\/#website\",\"url\":\"https:\/\/www.conferencetelephonique.fr\/blog\/\",\"name\":\"ConferenceTelephonique.fr blog\",\"description\":\"Conf\\u00e9rence t\\u00e9l\\u00e9phonique simplifi\\u00e9e\",\"potentialAction\":[{\"@type\":\"SearchAction\",\"target\":\"https:\/\/www.conferencetelephonique.fr\/blog\/?s={search_term_string}\",\"query-input\":\"required name=search_term_string\"}],\"inLanguage\":\"fr-FR\"},{\"@type\":\"WebPage\",\"@id\":\"https:\/\/www.conferencetelephonique.fr\/blog\/2021\/02\/09\/deux-jours-teletravail-par-semaine\/#webpage\",\"url\":\"https:\/\/www.conferencetelephonique.fr\/blog\/2021\/02\/09\/deux-jours-teletravail-par-semaine\/\",\"name\":\"Les Franciliens veulent deux jours de t\\u00e9l\\u00e9travail par semaine\",\"isPartOf\":{\"@id\":\"https:\/\/www.conferencetelephonique.fr\/blog\/#website\"},\"datePublished\":\"2021-02-09T19:57:33+00:00\",\"dateModified\":\"2021-06-15T07:29:58+00:00\",\"author\":{\"@id\":\"https:\/\/www.conferencetelephonique.fr\/blog\/#\/schema\/person\/febac21432531d5243aac6226c82e694\"},\"description\":\"L\\u2019Ifop a men\\u00e9 une enqu\\u00eate sous 3000 salari\\u00e9s travaillant dans un bureau, \\u00e0 Paris et premi\\u00e8re couronne, sur la volont\\u00e9 de t\\u00e9l\\u00e9travailler.\",\"breadcrumb\":{\"@id\":\"https:\/\/www.conferencetelephonique.fr\/blog\/2021\/02\/09\/deux-jours-teletravail-par-semaine\/#breadcrumb\"},\"inLanguage\":\"fr-FR\",\"potentialAction\":[{\"@type\":\"ReadAction\",\"target\":[\"https:\/\/www.conferencetelephonique.fr\/blog\/2021\/02\/09\/deux-jours-teletravail-par-semaine\/\"]}]},{\"@type\":\"BreadcrumbList\",\"@id\":\"https:\/\/www.conferencetelephonique.fr\/blog\/2021\/02\/09\/deux-jours-teletravail-par-semaine\/#breadcrumb\",\"itemListElement\":[{\"@type\":\"ListItem\",\"position\":1,\"name\":\"Home\",\"item\":\"https:\/\/www.conferencetelephonique.fr\/blog\/\"},{\"@type\":\"ListItem\",\"position\":2,\"name\":\"Les Franciliens veulent deux jours de t\\u00e9l\\u00e9travail par semaine\"}]},{\"@type\":\"Person\",\"@id\":\"https:\/\/www.conferencetelephonique.fr\/blog\/#\/schema\/person\/febac21432531d5243aac6226c82e694\",\"name\":\"Irene de Waal\",\"image\":{\"@type\":\"ImageObject\",\"@id\":\"https:\/\/www.conferencetelephonique.fr\/blog\/#personlogo\",\"inLanguage\":\"fr-FR\",\"url\":\"https:\/\/secure.gravatar.com\/avatar\/665193ce2152bb574b7a702b3b9f2986?s=96&d=mm&r=g\",\"contentUrl\":\"https:\/\/secure.gravatar.com\/avatar\/665193ce2152bb574b7a702b3b9f2986?s=96&d=mm&r=g\",\"caption\":\"Irene de Waal\"},\"url\":\"https:\/\/www.conferencetelephonique.fr\/blog\/author\/irene\/\"}]}<\/script>\n<!-- \/ Yoast SEO plugin. -->","_links":{"self":[{"href":"https:\/\/www.conferencetelephonique.fr\/blog\/wp-json\/wp\/v2\/posts\/1455"}],"collection":[{"href":"https:\/\/www.conferencetelephonique.fr\/blog\/wp-json\/wp\/v2\/posts"}],"about":[{"href":"https:\/\/www.conferencetelephonique.fr\/blog\/wp-json\/wp\/v2\/types\/post"}],"author":[{"embeddable":true,"href":"https:\/\/www.conferencetelephonique.fr\/blog\/wp-json\/wp\/v2\/users\/2"}],"replies":[{"embeddable":true,"href":"https:\/\/www.conferencetelephonique.fr\/blog\/wp-json\/wp\/v2\/comments?post=1455"}],"version-history":[{"count":3,"href":"https:\/\/www.conferencetelephonique.fr\/blog\/wp-json\/wp\/v2\/posts\/1455\/revisions"}],"predecessor-version":[{"id":1458,"href":"https:\/\/www.conferencetelephonique.fr\/blog\/wp-json\/wp\/v2\/posts\/1455\/revisions\/1458"}],"wp:attachment":[{"href":"https:\/\/www.conferencetelephonique.fr\/blog\/wp-json\/wp\/v2\/media?parent=1455"}],"wp:term":[{"taxonomy":"category","embeddable":true,"href":"https:\/\/www.conferencetelephonique.fr\/blog\/wp-json\/wp\/v2\/categories?post=1455"},{"taxonomy":"post_tag","embeddable":true,"href":"https:\/\/www.conferencetelephonique.fr\/blog\/wp-json\/wp\/v2\/tags?post=1455"}],"curies":[{"name":"wp","href":"https:\/\/api.w.org\/{rel}","templated":true}]}}