{"id":1378,"date":"2020-10-07T11:44:48","date_gmt":"2020-10-07T09:44:48","guid":{"rendered":"https:\/\/www.conferencetelephonique.fr\/blog\/?p=1378"},"modified":"2021-06-15T09:30:00","modified_gmt":"2021-06-15T07:30:00","slug":"dixieme-anniversaire-dinstagram","status":"publish","type":"post","link":"https:\/\/www.conferencetelephonique.fr\/blog\/2020\/10\/07\/dixieme-anniversaire-dinstagram\/","title":{"rendered":"Dixi\u00e8me anniversaire d&rsquo;Instagram: voici quelques chiffres"},"content":{"rendered":"\n<p><strong>Une d\u00e9cennie et un milliard d&rsquo;utilisateurs. Lanc\u00e9 en 2010 aux Etats-Unis, Instagram se fait d&rsquo;abord conna\u00eetre gr\u00e2ce \u00e0 ses options de retouche de photos. Voici, quelques chiffres sur l&rsquo;appli immense populaire.<\/strong><\/p>\n\n\n\n<p>Instagram est lanc\u00e9 le 6 octobre 2010. Ses fondateurs sont deux dipl\u00f4m\u00e9s de l&rsquo;universit\u00e9 am\u00e9ricaine de Stanford. Instagram est venu r\u00e9volutionner le partage des photos prises par smartphones. Ses filtres sont vites devenus \u00e0 la mode. Voici, quelques chiffres.<\/p>\n\n\n\n<p><strong>1. Cette ann\u00e9e, Instagram totalise un milliard d&rsquo;utilisateurs par jour<\/strong><\/p>\n\n\n\n<p><strong>2. Plus de 50 milliards de photos sont partag\u00e9es jusqu&rsquo;\u00e0 maintenant<\/strong><br> A la cl\u00e9 du succ\u00e8s de ces photos, le fameux algorithme d&rsquo;Instagram, qui fait trembler influenceurs et marques.<\/p>\n\n\n\n<p><strong>3. Plus de 4,2 milliards de likes par jour<\/strong><br> D\u00e9j\u00e0 test\u00e9e, mais jamais g\u00e9n\u00e9ralis\u00e9e, la suppression des \u00ab likes \u00bb est toujours envisag\u00e9e par le r\u00e9seau social, qui veut pr\u00e9server la sant\u00e9 mentale de ses utilisateurs. Avoir beaucoup de \u00ab pouces vers le haut \u00bb est en effet v\u00e9cu comme une pression psychologique pour certains, particuli\u00e8rement sensibles au regard des autres<\/p>\n\n\n\n<p><strong>4. 90% des utilisateurs suit une entreprise<\/strong><br>Instagram permet de transformer les millions d&rsquo;utilisateurs en clients, gr\u00e2ce \u00e0 une fonctionnalit\u00e9 shopping incluant des liens qui redirigent l&rsquo;utilisateur vers un site marchand.<\/p>\n\n\n\n<p><strong>5. Plus de 25 millions d&rsquo;entreprises ont un compte<\/strong><br>Instagram est le r\u00e9seau social de l&rsquo;image par excellence. Il constitue aujourd&rsquo;hui l&rsquo;une des plateformes les plus populaires au sein de la mode, de la beaut\u00e9, du tourisme ou encore de la restauration.<\/p>\n\n\n\n<p><em>Source: <\/em><a href=\"https:\/\/www.lesechos.fr\/tech-medias\/medias\/instagram-sans-filtre-les-dix-chiffres-fous-de-la-star-des-applications-mobile-1252197\"><em>Les Echos.fr, <\/em><\/a><em>Observateur<\/em><\/p>\n","protected":false},"excerpt":{"rendered":"<p>Une d\u00e9cennie et un milliard d&rsquo;utilisateurs. Lanc\u00e9 en 2010 aux Etats-Unis, Instagram se fait d&rsquo;abord conna\u00eetre gr\u00e2ce \u00e0 ses options de retouche de photos. Voici, quelques chiffres sur l&rsquo;appli immense&#8230;<\/p>\n<div class=\"more-link-wrapper\"><a class=\"more-link\" href=\"https:\/\/www.conferencetelephonique.fr\/blog\/2020\/10\/07\/dixieme-anniversaire-dinstagram\/\">Continuer la lecture<span class=\"screen-reader-text\">Dixi\u00e8me anniversaire d&rsquo;Instagram: voici quelques chiffres<\/span><\/a><\/div>\n","protected":false},"author":2,"featured_media":0,"comment_status":"closed","ping_status":"open","sticky":false,"template":"","format":"standard","meta":[],"categories":[20],"tags":[103,52],"yoast_head":"<!-- This site is optimized with the Yoast SEO plugin v16.5 - https:\/\/yoast.com\/wordpress\/plugins\/seo\/ -->\n<title>Dixi\u00e8me anniversaire d&#039;Instagram, voici quelques chiffres<\/title>\n<meta name=\"description\" content=\"Une d\u00e9cennie et un milliard d&#039;utilisateurs. Instagram se fait conna\u00eetre gr\u00e2ce \u00e0 ses options de retouche de photos. Voici, quelques chiffres.\" \/>\n<meta name=\"robots\" content=\"index, follow, max-snippet:-1, max-image-preview:large, max-video-preview:-1\" \/>\n<link rel=\"canonical\" href=\"https:\/\/www.conferencetelephonique.fr\/blog\/2020\/10\/07\/dixieme-anniversaire-dinstagram\/\" \/>\n<meta property=\"og:locale\" content=\"fr_FR\" \/>\n<meta property=\"og:type\" content=\"article\" \/>\n<meta property=\"og:title\" content=\"Dixi\u00e8me anniversaire d&#039;Instagram, voici quelques chiffres\" \/>\n<meta property=\"og:url\" content=\"https:\/\/www.conferencetelephonique.fr\/blog\/2020\/10\/07\/dixieme-anniversaire-dinstagram\/\" \/>\n<meta property=\"og:site_name\" content=\"ConferenceTelephonique.fr blog\" \/>\n<meta property=\"article:published_time\" content=\"2020-10-07T09:44:48+00:00\" \/>\n<meta property=\"article:modified_time\" content=\"2021-06-15T07:30:00+00:00\" \/>\n<meta property=\"og:image\" content=\"https:\/\/www.conferencetelephonique.fr\/blog\/wp-content\/uploads\/2018\/06\/insta.jpg\" \/>\n\t<meta property=\"og:image:width\" content=\"535\" \/>\n\t<meta property=\"og:image:height\" content=\"301\" \/>\n<meta name=\"twitter:card\" content=\"summary\" \/>\n<meta name=\"twitter:label1\" content=\"Dur\u00e9e de lecture est.\" \/>\n\t<meta name=\"twitter:data1\" content=\"1 minute\" \/>\n<script type=\"application\/ld+json\" class=\"yoast-schema-graph\">{\"@context\":\"https:\/\/schema.org\",\"@graph\":[{\"@type\":\"WebSite\",\"@id\":\"https:\/\/www.conferencetelephonique.fr\/blog\/#website\",\"url\":\"https:\/\/www.conferencetelephonique.fr\/blog\/\",\"name\":\"ConferenceTelephonique.fr blog\",\"description\":\"Conf\\u00e9rence t\\u00e9l\\u00e9phonique simplifi\\u00e9e\",\"potentialAction\":[{\"@type\":\"SearchAction\",\"target\":\"https:\/\/www.conferencetelephonique.fr\/blog\/?s={search_term_string}\",\"query-input\":\"required name=search_term_string\"}],\"inLanguage\":\"fr-FR\"},{\"@type\":\"WebPage\",\"@id\":\"https:\/\/www.conferencetelephonique.fr\/blog\/2020\/10\/07\/dixieme-anniversaire-dinstagram\/#webpage\",\"url\":\"https:\/\/www.conferencetelephonique.fr\/blog\/2020\/10\/07\/dixieme-anniversaire-dinstagram\/\",\"name\":\"Dixi\\u00e8me anniversaire d'Instagram, voici quelques chiffres\",\"isPartOf\":{\"@id\":\"https:\/\/www.conferencetelephonique.fr\/blog\/#website\"},\"datePublished\":\"2020-10-07T09:44:48+00:00\",\"dateModified\":\"2021-06-15T07:30:00+00:00\",\"author\":{\"@id\":\"https:\/\/www.conferencetelephonique.fr\/blog\/#\/schema\/person\/febac21432531d5243aac6226c82e694\"},\"description\":\"Une d\\u00e9cennie et un milliard d'utilisateurs. Instagram se fait conna\\u00eetre gr\\u00e2ce \\u00e0 ses options de retouche de photos. Voici, quelques chiffres.\",\"breadcrumb\":{\"@id\":\"https:\/\/www.conferencetelephonique.fr\/blog\/2020\/10\/07\/dixieme-anniversaire-dinstagram\/#breadcrumb\"},\"inLanguage\":\"fr-FR\",\"potentialAction\":[{\"@type\":\"ReadAction\",\"target\":[\"https:\/\/www.conferencetelephonique.fr\/blog\/2020\/10\/07\/dixieme-anniversaire-dinstagram\/\"]}]},{\"@type\":\"BreadcrumbList\",\"@id\":\"https:\/\/www.conferencetelephonique.fr\/blog\/2020\/10\/07\/dixieme-anniversaire-dinstagram\/#breadcrumb\",\"itemListElement\":[{\"@type\":\"ListItem\",\"position\":1,\"name\":\"Home\",\"item\":\"https:\/\/www.conferencetelephonique.fr\/blog\/\"},{\"@type\":\"ListItem\",\"position\":2,\"name\":\"Dixi\\u00e8me anniversaire d&rsquo;Instagram: voici quelques chiffres\"}]},{\"@type\":\"Person\",\"@id\":\"https:\/\/www.conferencetelephonique.fr\/blog\/#\/schema\/person\/febac21432531d5243aac6226c82e694\",\"name\":\"Irene de Waal\",\"image\":{\"@type\":\"ImageObject\",\"@id\":\"https:\/\/www.conferencetelephonique.fr\/blog\/#personlogo\",\"inLanguage\":\"fr-FR\",\"url\":\"https:\/\/secure.gravatar.com\/avatar\/665193ce2152bb574b7a702b3b9f2986?s=96&d=mm&r=g\",\"contentUrl\":\"https:\/\/secure.gravatar.com\/avatar\/665193ce2152bb574b7a702b3b9f2986?s=96&d=mm&r=g\",\"caption\":\"Irene de Waal\"},\"url\":\"https:\/\/www.conferencetelephonique.fr\/blog\/author\/irene\/\"}]}<\/script>\n<!-- \/ Yoast SEO plugin. -->","_links":{"self":[{"href":"https:\/\/www.conferencetelephonique.fr\/blog\/wp-json\/wp\/v2\/posts\/1378"}],"collection":[{"href":"https:\/\/www.conferencetelephonique.fr\/blog\/wp-json\/wp\/v2\/posts"}],"about":[{"href":"https:\/\/www.conferencetelephonique.fr\/blog\/wp-json\/wp\/v2\/types\/post"}],"author":[{"embeddable":true,"href":"https:\/\/www.conferencetelephonique.fr\/blog\/wp-json\/wp\/v2\/users\/2"}],"replies":[{"embeddable":true,"href":"https:\/\/www.conferencetelephonique.fr\/blog\/wp-json\/wp\/v2\/comments?post=1378"}],"version-history":[{"count":4,"href":"https:\/\/www.conferencetelephonique.fr\/blog\/wp-json\/wp\/v2\/posts\/1378\/revisions"}],"predecessor-version":[{"id":1382,"href":"https:\/\/www.conferencetelephonique.fr\/blog\/wp-json\/wp\/v2\/posts\/1378\/revisions\/1382"}],"wp:attachment":[{"href":"https:\/\/www.conferencetelephonique.fr\/blog\/wp-json\/wp\/v2\/media?parent=1378"}],"wp:term":[{"taxonomy":"category","embeddable":true,"href":"https:\/\/www.conferencetelephonique.fr\/blog\/wp-json\/wp\/v2\/categories?post=1378"},{"taxonomy":"post_tag","embeddable":true,"href":"https:\/\/www.conferencetelephonique.fr\/blog\/wp-json\/wp\/v2\/tags?post=1378"}],"curies":[{"name":"wp","href":"https:\/\/api.w.org\/{rel}","templated":true}]}}