{"id":1174,"date":"2019-10-18T10:42:07","date_gmt":"2019-10-18T08:42:07","guid":{"rendered":"https:\/\/www.conferencetelephonique.fr\/blog\/?p=1174"},"modified":"2021-06-15T09:30:07","modified_gmt":"2021-06-15T07:30:07","slug":"prix-nobel-economie-2019","status":"publish","type":"post","link":"https:\/\/www.conferencetelephonique.fr\/blog\/2019\/10\/18\/prix-nobel-economie-2019\/","title":{"rendered":"Le prix Nobel d&rsquo;\u00e9conomie 2019 attribu\u00e9 \u00e0 une Fran\u00e7aise et deux Am\u00e9ricains"},"content":{"rendered":"\n<p><strong>Le prix Nobel d\u2019\u00e9conomie 2019 a \u00e9t\u00e9 attribu\u00e9 \u00e0 la franco-am\u00e9ricaine Esther Duflo et les Am\u00e9ricains Abhijit Banerjee et Michael Kremer.<\/strong><\/p>\n\n\n\n<p>La Fran\u00e7aise Esther Duflo est la premi\u00e8re femme \u00e0 re\u00e7evoir le prix Nobel dans ce cat\u00e9gorie.<br><br><strong>Economie du d\u00e9veloppement<\/strong><br>Les recherches des trois laur\u00e9ats sur \u201cl\u2019all\u00e8gement de la pauvret\u00e9 globale\u201d ont \u201cconsid\u00e9rablement am\u00e9lior\u00e9 notre capacit\u00e9 \u00e0 lutter contre cette pauvret\u00e9. En deux d\u00e9cennies, leur approche bas\u00e9e sur les exp\u00e9rimentations a transform\u00e9 l\u2019\u00e9conomie du d\u00e9veloppement, qui est maintenant un champ de recherche florissant\u201d, a pr\u00e9cis\u00e9 le comit\u00e9 Nobel.<\/p>\n\n\n\n<p><strong>Peu efficace<\/strong><br>&lsquo;Esther Duflo et Abhijit Banerjee ont montr\u00e9 que, contrairement \u00e0 ce que l\u2019on pensait, le microcr\u00e9dit \u00e9tait peu efficace. Il aidait l\u00e9g\u00e8rement \u00e0 d\u00e9velopper des petites entreprises d\u00e9j\u00e0 existantes, mais n\u2019a aucun effet sur la consommation ou d\u2019autres indicateurs de d\u00e9veloppement,&rsquo; \u00e9crit le <a href=\"https:\/\/www.huffingtonpost.fr\/entry\/le-prix-nobel-deconomie-2019-decerne-a-la-francaise-esther-duflo-et-deux-americains_fr_5da42af7e4b087efdbb13253?utm_hp_ref=fr-economie\"><em>Huff Post<\/em><\/a><\/p>\n\n\n\n<p><strong>L&rsquo;enseignement<\/strong><br>Les chercheurs ont \u00e9galement r\u00e9alis\u00e9 des exp\u00e9riences dans d\u2019autres domaines. Sur l\u2019enseignement encore, ils se sont int\u00e9ress\u00e9s \u00e0 l\u2019efficacit\u00e9 des professeurs et \u00e0 leur absent\u00e9isme, important dans les pays en d\u00e9veloppement.<br><br><strong>De bons r\u00e9sultats<\/strong><br>HuffPost dit: &lsquo;Les chercheurs ont montr\u00e9 que les \u00e9l\u00e8ves qui ont des professeurs avec des contrats courts, qui sont prolong\u00e9s si les enseignants ont de bons r\u00e9sultats, s\u2019en sortent mieux \u00e0 l\u2019\u00e9cole. \u00c0 l\u2019inverse, contre toute attente, diminuer le nombre d\u2019enfants par classe de professeurs employ\u00e9s de mani\u00e8re p\u00e9renne n\u2019a pas d\u2019effet significatif&rsquo; <\/p>\n\n\n<blockquote class=\"twitter-tweet\" data-lang=\"nl\"><p dir=\"ltr\" lang=\"en\">BREAKING NEWS:<br>The 2019 Sveriges Riksbank Prize in Economic Sciences in Memory of Alfred Nobel has been awarded to Abhijit Banerjee, Esther Duflo and Michael Kremer \u201cfor their experimental approach to alleviating global poverty.\u201d<a href=\"https:\/\/twitter.com\/hashtag\/NobelPrize?src=hash&amp;ref_src=twsrc%5Etfw\">#NobelPrize<\/a> <a href=\"https:\/\/t.co\/SuJfPoRe2N\">pic.twitter.com\/SuJfPoRe2N<\/a><\/p>\n<p>\u2014 The Nobel Prize (@NobelPrize) <a href=\"https:\/\/twitter.com\/NobelPrize\/status\/1183681045591445504?ref_src=twsrc%5Etfw\">14 oktober 2019<\/a><\/p>\n<\/blockquote>\n<p><script async=\"\" src=\"https:\/\/platform.twitter.com\/widgets.js\" charset=\"utf-8\"><\/script><\/p>\n\n\n<p><em>Source: Le<\/em><a href=\"https:\/\/www.huffingtonpost.fr\/entry\/le-prix-nobel-deconomie-2019-decerne-a-la-francaise-esther-duflo-et-deux-americains_fr_5da42af7e4b087efdbb13253?utm_hp_ref=fr-economie\"><em>Huff Post<\/em><\/a><\/p>\n","protected":false},"excerpt":{"rendered":"<p>Le prix Nobel d\u2019\u00e9conomie 2019 a \u00e9t\u00e9 attribu\u00e9 \u00e0 la franco-am\u00e9ricaine Esther Duflo et les Am\u00e9ricains Abhijit Banerjee et Michael Kremer. La Fran\u00e7aise Esther Duflo est la premi\u00e8re femme \u00e0&#8230;<\/p>\n<div class=\"more-link-wrapper\"><a class=\"more-link\" href=\"https:\/\/www.conferencetelephonique.fr\/blog\/2019\/10\/18\/prix-nobel-economie-2019\/\">Continuer la lecture<span class=\"screen-reader-text\">Le prix Nobel d&rsquo;\u00e9conomie 2019 attribu\u00e9 \u00e0 une Fran\u00e7aise et deux Am\u00e9ricains<\/span><\/a><\/div>\n","protected":false},"author":2,"featured_media":0,"comment_status":"closed","ping_status":"open","sticky":false,"template":"","format":"standard","meta":[],"categories":[20],"tags":[21,57],"yoast_head":"<!-- This site is optimized with the Yoast SEO plugin v16.5 - https:\/\/yoast.com\/wordpress\/plugins\/seo\/ -->\n<title>Le prix Nobel d&#039;\u00e9conomie 2019 attribu\u00e9 \u00e0 une Fran\u00e7aise et 2 Am\u00e9ricains<\/title>\n<meta name=\"description\" content=\"Le prix Nobel d\u2019\u00e9conomie 2019 a \u00e9t\u00e9 attribu\u00e9 \u00e0 la franco-am\u00e9ricaine Esther Duflo et les Am\u00e9ricains Abhijit Banerjee et Michael Kremer.\" \/>\n<meta name=\"robots\" content=\"index, follow, max-snippet:-1, max-image-preview:large, max-video-preview:-1\" \/>\n<link rel=\"canonical\" href=\"https:\/\/www.conferencetelephonique.fr\/blog\/2019\/10\/18\/prix-nobel-economie-2019\/\" \/>\n<meta property=\"og:locale\" content=\"fr_FR\" \/>\n<meta property=\"og:type\" content=\"article\" \/>\n<meta property=\"og:title\" content=\"Le prix Nobel d&#039;\u00e9conomie 2019 attribu\u00e9 \u00e0 une Fran\u00e7aise et 2 Am\u00e9ricains\" \/>\n<meta property=\"og:url\" content=\"https:\/\/www.conferencetelephonique.fr\/blog\/2019\/10\/18\/prix-nobel-economie-2019\/\" \/>\n<meta property=\"og:site_name\" content=\"ConferenceTelephonique.fr blog\" \/>\n<meta property=\"article:published_time\" content=\"2019-10-18T08:42:07+00:00\" \/>\n<meta property=\"article:modified_time\" content=\"2021-06-15T07:30:07+00:00\" \/>\n<meta property=\"og:image\" content=\"https:\/\/www.conferencetelephonique.fr\/blog\/wp-content\/uploads\/2019\/10\/economie_statistique.png\" \/>\n\t<meta property=\"og:image:width\" content=\"829\" \/>\n\t<meta property=\"og:image:height\" content=\"451\" \/>\n<meta name=\"twitter:card\" content=\"summary\" \/>\n<meta name=\"twitter:label1\" content=\"Dur\u00e9e de lecture est.\" \/>\n\t<meta name=\"twitter:data1\" content=\"2 minutes\" \/>\n<script type=\"application\/ld+json\" class=\"yoast-schema-graph\">{\"@context\":\"https:\/\/schema.org\",\"@graph\":[{\"@type\":\"WebSite\",\"@id\":\"https:\/\/www.conferencetelephonique.fr\/blog\/#website\",\"url\":\"https:\/\/www.conferencetelephonique.fr\/blog\/\",\"name\":\"ConferenceTelephonique.fr blog\",\"description\":\"Conf\\u00e9rence t\\u00e9l\\u00e9phonique simplifi\\u00e9e\",\"potentialAction\":[{\"@type\":\"SearchAction\",\"target\":\"https:\/\/www.conferencetelephonique.fr\/blog\/?s={search_term_string}\",\"query-input\":\"required name=search_term_string\"}],\"inLanguage\":\"fr-FR\"},{\"@type\":\"WebPage\",\"@id\":\"https:\/\/www.conferencetelephonique.fr\/blog\/2019\/10\/18\/prix-nobel-economie-2019\/#webpage\",\"url\":\"https:\/\/www.conferencetelephonique.fr\/blog\/2019\/10\/18\/prix-nobel-economie-2019\/\",\"name\":\"Le prix Nobel d'\\u00e9conomie 2019 attribu\\u00e9 \\u00e0 une Fran\\u00e7aise et 2 Am\\u00e9ricains\",\"isPartOf\":{\"@id\":\"https:\/\/www.conferencetelephonique.fr\/blog\/#website\"},\"datePublished\":\"2019-10-18T08:42:07+00:00\",\"dateModified\":\"2021-06-15T07:30:07+00:00\",\"author\":{\"@id\":\"https:\/\/www.conferencetelephonique.fr\/blog\/#\/schema\/person\/febac21432531d5243aac6226c82e694\"},\"description\":\"Le prix Nobel d\\u2019\\u00e9conomie 2019 a \\u00e9t\\u00e9 attribu\\u00e9 \\u00e0 la franco-am\\u00e9ricaine Esther Duflo et les Am\\u00e9ricains Abhijit Banerjee et Michael Kremer.\",\"breadcrumb\":{\"@id\":\"https:\/\/www.conferencetelephonique.fr\/blog\/2019\/10\/18\/prix-nobel-economie-2019\/#breadcrumb\"},\"inLanguage\":\"fr-FR\",\"potentialAction\":[{\"@type\":\"ReadAction\",\"target\":[\"https:\/\/www.conferencetelephonique.fr\/blog\/2019\/10\/18\/prix-nobel-economie-2019\/\"]}]},{\"@type\":\"BreadcrumbList\",\"@id\":\"https:\/\/www.conferencetelephonique.fr\/blog\/2019\/10\/18\/prix-nobel-economie-2019\/#breadcrumb\",\"itemListElement\":[{\"@type\":\"ListItem\",\"position\":1,\"name\":\"Home\",\"item\":\"https:\/\/www.conferencetelephonique.fr\/blog\/\"},{\"@type\":\"ListItem\",\"position\":2,\"name\":\"Le prix Nobel d&rsquo;\\u00e9conomie 2019 attribu\\u00e9 \\u00e0 une Fran\\u00e7aise et deux Am\\u00e9ricains\"}]},{\"@type\":\"Person\",\"@id\":\"https:\/\/www.conferencetelephonique.fr\/blog\/#\/schema\/person\/febac21432531d5243aac6226c82e694\",\"name\":\"Irene de Waal\",\"image\":{\"@type\":\"ImageObject\",\"@id\":\"https:\/\/www.conferencetelephonique.fr\/blog\/#personlogo\",\"inLanguage\":\"fr-FR\",\"url\":\"https:\/\/secure.gravatar.com\/avatar\/665193ce2152bb574b7a702b3b9f2986?s=96&d=mm&r=g\",\"contentUrl\":\"https:\/\/secure.gravatar.com\/avatar\/665193ce2152bb574b7a702b3b9f2986?s=96&d=mm&r=g\",\"caption\":\"Irene de Waal\"},\"url\":\"https:\/\/www.conferencetelephonique.fr\/blog\/author\/irene\/\"}]}<\/script>\n<!-- \/ Yoast SEO plugin. -->","_links":{"self":[{"href":"https:\/\/www.conferencetelephonique.fr\/blog\/wp-json\/wp\/v2\/posts\/1174"}],"collection":[{"href":"https:\/\/www.conferencetelephonique.fr\/blog\/wp-json\/wp\/v2\/posts"}],"about":[{"href":"https:\/\/www.conferencetelephonique.fr\/blog\/wp-json\/wp\/v2\/types\/post"}],"author":[{"embeddable":true,"href":"https:\/\/www.conferencetelephonique.fr\/blog\/wp-json\/wp\/v2\/users\/2"}],"replies":[{"embeddable":true,"href":"https:\/\/www.conferencetelephonique.fr\/blog\/wp-json\/wp\/v2\/comments?post=1174"}],"version-history":[{"count":6,"href":"https:\/\/www.conferencetelephonique.fr\/blog\/wp-json\/wp\/v2\/posts\/1174\/revisions"}],"predecessor-version":[{"id":1182,"href":"https:\/\/www.conferencetelephonique.fr\/blog\/wp-json\/wp\/v2\/posts\/1174\/revisions\/1182"}],"wp:attachment":[{"href":"https:\/\/www.conferencetelephonique.fr\/blog\/wp-json\/wp\/v2\/media?parent=1174"}],"wp:term":[{"taxonomy":"category","embeddable":true,"href":"https:\/\/www.conferencetelephonique.fr\/blog\/wp-json\/wp\/v2\/categories?post=1174"},{"taxonomy":"post_tag","embeddable":true,"href":"https:\/\/www.conferencetelephonique.fr\/blog\/wp-json\/wp\/v2\/tags?post=1174"}],"curies":[{"name":"wp","href":"https:\/\/api.w.org\/{rel}","templated":true}]}}