{"id":1149,"date":"2019-10-03T09:27:56","date_gmt":"2019-10-03T07:27:56","guid":{"rendered":"https:\/\/www.conferencetelephonique.fr\/blog\/?p=1149"},"modified":"2021-06-15T09:30:08","modified_gmt":"2021-06-15T07:30:08","slug":"objet-microsoft-2020","status":"publish","type":"post","link":"https:\/\/www.conferencetelephonique.fr\/blog\/2019\/10\/03\/objet-microsoft-2020\/","title":{"rendered":"Tels sont les nouveaux objets de Microsoft pour 2020"},"content":{"rendered":"\n<p><strong>Le g\u00e9ant am\u00e9ricain se lance dans une nouvelle cat\u00e9gorie de produits, dot\u00e9s d\u2019un double \u00e9cran. La commercialisation de ces objets est pr\u00e9vue pour la fin de l\u2019ann\u00e9e 2020.<\/strong><\/p>\n\n\n\n<p>Selon Microsoft, on est plus productif avec deux \u00e9crans. Avec ces terminaux, l\u2019utilisateur peut profiter simultan\u00e9ment de deux applications \u00e0 la fois, dans le format qui lui convient, horizontal ou vertical. <\/p>\n\n\n\n<p><strong>Ordinateur<\/strong><br>&lsquo;Plus proche d\u2019un ordinateur portable la version \u00ab Neo \u00bb permet \u00e0 l\u2019utilisateur d\u2019ajouter un clavier qui ne recouvre qu\u2019une partie d\u2019un des deux volets de l\u2019appareil, laissant l\u2019espace pour un \u00e9cran d\u2019appoint. Il s\u2019agit \u00e0 la fois d\u2019\u00eatre plus efficace, mais aussi de pouvoir concilier travail et divertissement,&rsquo; \u00e9crit <a href=\"https:\/\/www.lemonde.fr\/economie\/article\/2019\/10\/02\/smartphones-tablettes-ordinateurs-portables-microsoft-fait-tomber-les-barrieres_6013985_3234.html\"><em>Le Monde<\/em><\/a>.<\/p>\n\n\n\n<p><strong>Smartphone<\/strong><br>La version smartphone appel\u00e9e \u00ab Duo \u00bb se rapproche, elle, davantage d\u2019appareils que l\u2019on voit aujourd\u2019hui appara\u00eetre sur le march\u00e9, comme le Samsung Fold ou le futur Huawei Mate X . Microsoft s\u2019est alli\u00e9 avec Google, dont il adoptera le syst\u00e8me d\u2019exploitation Android. <\/p>\n\n\n\n<p><strong>LIRE AUSSI:<\/strong> <a href=\"https:\/\/www.conferencetelephonique.fr\/blog\/2019\/04\/27\/galaxy-fold-samsung\/\">Galaxy Fold: le smartphone pliable de Samsung<\/a><\/p>\n\n\n\n<p>Source: <a href=\"https:\/\/www.lemonde.fr\/economie\/article\/2019\/10\/02\/smartphones-tablettes-ordinateurs-portables-microsoft-fait-tomber-les-barrieres_6013985_3234.html\"><em>Le Monde<\/em><\/a>.<\/p>\n","protected":false},"excerpt":{"rendered":"<p>Le g\u00e9ant am\u00e9ricain se lance dans une nouvelle cat\u00e9gorie de produits, dot\u00e9s d\u2019un double \u00e9cran. La commercialisation de ces objets est pr\u00e9vue pour la fin de l\u2019ann\u00e9e 2020. Selon Microsoft,&#8230;<\/p>\n<div class=\"more-link-wrapper\"><a class=\"more-link\" href=\"https:\/\/www.conferencetelephonique.fr\/blog\/2019\/10\/03\/objet-microsoft-2020\/\">Continuer la lecture<span class=\"screen-reader-text\">Tels sont les nouveaux objets de Microsoft pour 2020<\/span><\/a><\/div>\n","protected":false},"author":2,"featured_media":0,"comment_status":"closed","ping_status":"open","sticky":false,"template":"","format":"standard","meta":[],"categories":[20],"tags":[96,52],"yoast_head":"<!-- This site is optimized with the Yoast SEO plugin v16.5 - https:\/\/yoast.com\/wordpress\/plugins\/seo\/ -->\n<title>Tels sont les nouveaux objets de Microsoft pour 2020<\/title>\n<meta name=\"description\" content=\"Le g\u00e9ant am\u00e9ricain se lance dans une nouvelle cat\u00e9gorie de produits, dot\u00e9s d\u2019un double \u00e9cran. La commercialisation de ces objets est pr\u00e9vue pour 2020.\" \/>\n<meta name=\"robots\" content=\"index, follow, max-snippet:-1, max-image-preview:large, max-video-preview:-1\" \/>\n<link rel=\"canonical\" href=\"https:\/\/www.conferencetelephonique.fr\/blog\/2019\/10\/03\/objet-microsoft-2020\/\" \/>\n<meta property=\"og:locale\" content=\"fr_FR\" \/>\n<meta property=\"og:type\" content=\"article\" \/>\n<meta property=\"og:title\" content=\"Tels sont les nouveaux objets de Microsoft pour 2020\" \/>\n<meta property=\"og:url\" content=\"https:\/\/www.conferencetelephonique.fr\/blog\/2019\/10\/03\/objet-microsoft-2020\/\" \/>\n<meta property=\"og:site_name\" content=\"ConferenceTelephonique.fr blog\" \/>\n<meta property=\"article:published_time\" content=\"2019-10-03T07:27:56+00:00\" \/>\n<meta property=\"article:modified_time\" content=\"2021-06-15T07:30:08+00:00\" \/>\n<meta property=\"og:image\" content=\"https:\/\/www.conferencetelephonique.fr\/blog\/wp-content\/uploads\/2019\/10\/microsoft-neo.jpg\" \/>\n\t<meta property=\"og:image:width\" content=\"2000\" \/>\n\t<meta property=\"og:image:height\" content=\"1336\" \/>\n<meta name=\"twitter:card\" content=\"summary\" \/>\n<meta name=\"twitter:label1\" content=\"Dur\u00e9e de lecture est.\" \/>\n\t<meta name=\"twitter:data1\" content=\"1 minute\" \/>\n<script type=\"application\/ld+json\" class=\"yoast-schema-graph\">{\"@context\":\"https:\/\/schema.org\",\"@graph\":[{\"@type\":\"WebSite\",\"@id\":\"https:\/\/www.conferencetelephonique.fr\/blog\/#website\",\"url\":\"https:\/\/www.conferencetelephonique.fr\/blog\/\",\"name\":\"ConferenceTelephonique.fr blog\",\"description\":\"Conf\\u00e9rence t\\u00e9l\\u00e9phonique simplifi\\u00e9e\",\"potentialAction\":[{\"@type\":\"SearchAction\",\"target\":\"https:\/\/www.conferencetelephonique.fr\/blog\/?s={search_term_string}\",\"query-input\":\"required name=search_term_string\"}],\"inLanguage\":\"fr-FR\"},{\"@type\":\"WebPage\",\"@id\":\"https:\/\/www.conferencetelephonique.fr\/blog\/2019\/10\/03\/objet-microsoft-2020\/#webpage\",\"url\":\"https:\/\/www.conferencetelephonique.fr\/blog\/2019\/10\/03\/objet-microsoft-2020\/\",\"name\":\"Tels sont les nouveaux objets de Microsoft pour 2020\",\"isPartOf\":{\"@id\":\"https:\/\/www.conferencetelephonique.fr\/blog\/#website\"},\"datePublished\":\"2019-10-03T07:27:56+00:00\",\"dateModified\":\"2021-06-15T07:30:08+00:00\",\"author\":{\"@id\":\"https:\/\/www.conferencetelephonique.fr\/blog\/#\/schema\/person\/febac21432531d5243aac6226c82e694\"},\"description\":\"Le g\\u00e9ant am\\u00e9ricain se lance dans une nouvelle cat\\u00e9gorie de produits, dot\\u00e9s d\\u2019un double \\u00e9cran. La commercialisation de ces objets est pr\\u00e9vue pour 2020.\",\"breadcrumb\":{\"@id\":\"https:\/\/www.conferencetelephonique.fr\/blog\/2019\/10\/03\/objet-microsoft-2020\/#breadcrumb\"},\"inLanguage\":\"fr-FR\",\"potentialAction\":[{\"@type\":\"ReadAction\",\"target\":[\"https:\/\/www.conferencetelephonique.fr\/blog\/2019\/10\/03\/objet-microsoft-2020\/\"]}]},{\"@type\":\"BreadcrumbList\",\"@id\":\"https:\/\/www.conferencetelephonique.fr\/blog\/2019\/10\/03\/objet-microsoft-2020\/#breadcrumb\",\"itemListElement\":[{\"@type\":\"ListItem\",\"position\":1,\"name\":\"Home\",\"item\":\"https:\/\/www.conferencetelephonique.fr\/blog\/\"},{\"@type\":\"ListItem\",\"position\":2,\"name\":\"Tels sont les nouveaux objets de Microsoft pour 2020\"}]},{\"@type\":\"Person\",\"@id\":\"https:\/\/www.conferencetelephonique.fr\/blog\/#\/schema\/person\/febac21432531d5243aac6226c82e694\",\"name\":\"Irene de Waal\",\"image\":{\"@type\":\"ImageObject\",\"@id\":\"https:\/\/www.conferencetelephonique.fr\/blog\/#personlogo\",\"inLanguage\":\"fr-FR\",\"url\":\"https:\/\/secure.gravatar.com\/avatar\/665193ce2152bb574b7a702b3b9f2986?s=96&d=mm&r=g\",\"contentUrl\":\"https:\/\/secure.gravatar.com\/avatar\/665193ce2152bb574b7a702b3b9f2986?s=96&d=mm&r=g\",\"caption\":\"Irene de Waal\"},\"url\":\"https:\/\/www.conferencetelephonique.fr\/blog\/author\/irene\/\"}]}<\/script>\n<!-- \/ Yoast SEO plugin. -->","_links":{"self":[{"href":"https:\/\/www.conferencetelephonique.fr\/blog\/wp-json\/wp\/v2\/posts\/1149"}],"collection":[{"href":"https:\/\/www.conferencetelephonique.fr\/blog\/wp-json\/wp\/v2\/posts"}],"about":[{"href":"https:\/\/www.conferencetelephonique.fr\/blog\/wp-json\/wp\/v2\/types\/post"}],"author":[{"embeddable":true,"href":"https:\/\/www.conferencetelephonique.fr\/blog\/wp-json\/wp\/v2\/users\/2"}],"replies":[{"embeddable":true,"href":"https:\/\/www.conferencetelephonique.fr\/blog\/wp-json\/wp\/v2\/comments?post=1149"}],"version-history":[{"count":2,"href":"https:\/\/www.conferencetelephonique.fr\/blog\/wp-json\/wp\/v2\/posts\/1149\/revisions"}],"predecessor-version":[{"id":1152,"href":"https:\/\/www.conferencetelephonique.fr\/blog\/wp-json\/wp\/v2\/posts\/1149\/revisions\/1152"}],"wp:attachment":[{"href":"https:\/\/www.conferencetelephonique.fr\/blog\/wp-json\/wp\/v2\/media?parent=1149"}],"wp:term":[{"taxonomy":"category","embeddable":true,"href":"https:\/\/www.conferencetelephonique.fr\/blog\/wp-json\/wp\/v2\/categories?post=1149"},{"taxonomy":"post_tag","embeddable":true,"href":"https:\/\/www.conferencetelephonique.fr\/blog\/wp-json\/wp\/v2\/tags?post=1149"}],"curies":[{"name":"wp","href":"https:\/\/api.w.org\/{rel}","templated":true}]}}